{"id":161160,"date":"2017-03-19T21:12:05","date_gmt":"2017-03-19T20:12:05","guid":{"rendered":"http:\/\/www.fuldaer-nachrichten.de\/?p=161160"},"modified":"2017-03-19T21:12:05","modified_gmt":"2017-03-19T20:12:05","slug":"neues-aus-dem-naturschutzgrossprojekt-vogelsberg","status":"publish","type":"post","link":"https:\/\/www.fuldaernachrichten.de\/?p=161160","title":{"rendered":"Neues aus dem Naturschutzgro\u00dfprojekt Vogelsberg"},"content":{"rendered":"<p>Zur Jahreshauptversammlung des Tr\u00e4gervereins des Naturschutzgro\u00dfprojektes &#8220;Natur und Lebensraum Vogelsberg e.V.&#8221; am 10. M\u00e4rz 2017 auf dem Hoherodskopf waren nicht nur Mitglieder sondern auch viele interessierte G\u00e4ste gekommen. Angek\u00fcndigt waren f\u00fcr diesen Abend neben den turnusm\u00e4\u00dfigen Neuwahlen des Vorstandes zus\u00e4tzlich Informationen \u00fcber die in 2016 durchgef\u00fchrten Ma\u00dfnahmen sowie f\u00fcr die Zukunft geplante Umsetzungen. Zudem sollte ein interessanter Vortrag &#8220;aus erster Hand&#8221; \u00fcber die Hochmoor-Renaturierung der Breungeshainer Heide gehalten werden.<\/p>\n<p>Karl-Peter M\u00fctze, der langj\u00e4hrige Vorsitzende und Mitbegr\u00fcnder des Naturschutzgro\u00dfprojektes, hie\u00df die Anwesenden und Ehreng\u00e4ste &#8211; Amtsleiter, B\u00fcrgermeister und Stadtr\u00e4te &#8211; willkommen. Danach wurden einige Gru\u00dfworte gesprochen. Den Anfang machte Kurt Wiegel als Mitglied der ersten Stunde, der noch einmal bekr\u00e4ftigte, dass so ein Projekt nicht ohne die Land- und Forstwirtschaft zu bew\u00e4ltigen w\u00e4re. Vizelandrat Dr. Mischak dankte an dieser Stelle Karl-Peter M\u00fctze im Namen des Vogelsbergkreises f\u00fcr seinen Einsatz: &#8220;Alles konnte nur so weit gedeihen, weil Sie immer mit Herzblut dabei waren.&#8221;<\/p>\n<p>Die Gr\u00fc\u00dfe der Schottener B\u00fcrgermeisterin richtete Stadtrat Willi Zinnel aus und lie\u00df wissen, dass er sich freue, bei dieser Gelegenheit auch den Ort der Versammlung, den ehemaligen Berggasthof des Vogelsberger H\u00f6henclubs, in seinem neuem Ambiente erleben zu k\u00f6nnen. Dann meinte Andreas Kornmann, Kreislandwirt und Vorsitzender des Gebietsagrarausschusses, dass sich in diesem Projekt trotz aller anf\u00e4nglicher Skepsis Natur und Landwirtschaft gut erg\u00e4nzen und man durch sinnvolle Diskussionen letztendlich zu guten L\u00f6sungen f\u00e4nde.<\/p>\n<p>2016: R\u00fcckblick auf ein bewegtes Jahr<br \/>\nIn seinem nachfolgenden T\u00e4tigkeits\u00fcberblick ging M\u00fctze noch einmal kurz auf die Entstehungsgeschichte von 2003 ein und gedachte der Anf\u00e4nge mit dem damaligen NABU-Kreisverbandsvorsitzenden Walter Kress, der inzwischen verstorben ist. Gemeinsam mit ihm, dem Landtagsabgeordneten Kurt Wiegel, den Beh\u00f6rden und einigen Vogelsberger Landwirten war 2005 schlie\u00dflich der Tr\u00e4gerverein gegr\u00fcndet worden, der heute 100 Mitglieder stark ist.<\/p>\n<p>Neben einigen Informationsveranstaltungen f\u00fcr Landwirte und Unternehmer \u00fcber zu vergebende Arbeiten auf \u00f6kologischen Vorrangfl\u00e4chen im Naturschutzgro\u00dfprojekt waren im Laufe des Jahres mehrere Vorstandssitzungen abgehalten worden. Hinzu kamen verschiedene Arbeitstreffen zum Thema &#8220;Wiesendrusch&#8221; und zur Hochmoor-Renaturierung.<\/p>\n<p>Der \u00f6ffentlich veranstaltete Bergm\u00e4hwiesentag im Juni in der L\u00fcderaue bei Grebenhain-Crainfeld war trotz Dauerregens gut besucht gewesen. Bei dem umfangreichen Programm mit F\u00fchrungen auf einem beschilderten Rundweg durch die dortige Bergm\u00e4hwiese wurden auch selten gewordene Nutztiere pr\u00e4sentiert. Mehrere Tierhalter, Imker und Experten gaben an einzelnen Stationen Informationen und machten auf die besonderen Facetten der Kulturlandschaft aufmerksam.<br \/>\nDaneben wurde Heckenpflege mit Gro\u00dftechnik gezeigt, und die Universit\u00e4t Marburg war mit einem speziellen Arnikaprojekt vor Ort vertreten. Zus\u00e4tzlich war es den Vogelsbergern ein Anliegen, Walter Kress als dem &#8220;Vater des Naturschutzgro\u00dfprojektes&#8221; einen Apfelbaum der Sorte &#8220;Ingrid Marie&#8221; zu pflanzen<\/p>\n<p>Als gro\u00dfen Erfolg z\u00e4hlte M\u00fctze zudem die Kooperation mit der Vermarktungsgemeinschaft f\u00fcr landwirtschaftliche Produkte &#8220;N\u00e4he ist gut&#8221;, bei der sich die Firmen REWE (Superm\u00e4rkte), die Privatbrauerei Licher, Hassia Mineralquellen und die Molkerei Schw\u00e4lbchen in verschiedenen Projekten engagieren. Seit 2016 geh\u00f6rt dazu jetzt der Erhalt der Bergm\u00e4hwiesen im Vogelsberg, f\u00fcr den gleichzeitig <\/p>\n<p>Laut Satzung sollen dies sein: ein politischer Mandatstr\u00e4ger des Landkreises, drei Vertreter der Landwirtschaft sowie der Naturschutzverb\u00e4nde, dazu je ein Vertreter des Amtes f\u00fcr den l\u00e4ndlichen Raum und der Forstbetriebsgemeinschaften sowie des Landesbetriebes Hessen Forst.<\/p>\n<p>Gew\u00e4hlt wurden f\u00fcr die n\u00e4chsten drei Jahre der Erste Kreisbeigeordnete Dr. Jens Mischak, die Gesch\u00e4ftsf\u00fchrerin des Kreisbauernverbandes Stefanie Eggers, die beiden Landwirte Christoph Hardt und Volker Lein, der die Versammlung wissen lie\u00df, dass er sich pers\u00f6nlich schon immer ganz besonders f\u00fcr die Natur interessiert habe.<\/p>\n<p>Der Biologe Dr. Wolfgang Dennh\u00f6fer vom BUND wie auch Karl-Heinz Zobich aus dem Vorstand des NABU und Ernst Happel, der vor Jahren den Vogelsberggarten in Ulrichstein ins Leben gerufen hatte, stimmten ihrer Wahl als Vertreter der Naturschutzverb\u00e4nde zu.<\/p>\n<p>Weiterhin dabei bleiben f\u00fcr die Forstbetriebsgemeinschaften Dr. Berthold Riedesel, Freiherr zu Eisenbach, genau wie Dr. Berndt Ott, der Leiter des Forstamtes in Schotten. Schlie\u00dflich wurde noch der langj\u00e4hrige Schriftf\u00fchrer Joachim Sch\u00f6nfeld in seinem Amt best\u00e4tigt. Neben Claudia Blum kam noch Landwirt Klaus L\u00f6ffler als Kassenpr\u00fcfer hinzu. Und ganz zum Schluss wurde vom Amt f\u00fcr den l\u00e4ndlichen Raum seine neue Leiterin Anja P\u00fcchner in den Vorstand gew\u00e4hlt, die ab jetzt drei Jahre lang gleichzeitig als Vorsitzende des Vereins &#8220;Natur und Lebensraum Vogelsberg&#8221; fungiert.<\/p>\n<p>Es war zu sch\u00f6n, als dass man es vergessen k\u00f6nnte<br \/>\nKurt Wiegel und Karl-Peter M\u00fctze, der als Leiter des Amtes f\u00fcr den l\u00e4ndlichen Raum im letzten Jahr in Pension gegangen war, bekamen beide nach einem R\u00fcckblick auf die gemeinsame Arbeit und ihre Mitwirkung am Naturschutzgro\u00dfprojekt von Anja P\u00fcchner je einen mit regionalen Erzeugnissen gef\u00fcllten Tonteller zum Abschied \u00fcberreicht. M\u00fctze revanchierte sich mit einem herzlichen Dankesch\u00f6n und versprach auf jeden Fall wieder zu kommen, wenn man ihn einlade.<br \/>\nGut zu wissen<br \/>\nWertvolle Vogelsberger Naturr\u00e4ume im Bundesprogramm &#8220;chance.natur&#8221;<\/p>\n<p>F\u00f6rderung zum Schutz und zur Sicherung des nationalen Naturerbes<\/p>\n<p>Teil I: November 2010 bis Dezember 2013 &#8211; Planungsphase<br \/>\nTeil II: Januar 2015 bis Dezember 2024 &#8211; Umsetzungsphase<br \/>\nIm artenreichen Vogelsberg wurde eins der 76 deutschen Naturschutzgro\u00dfprojekte angesiedelt. Es erstreckt sich auf einer Gesamtfl\u00e4che von 92.000 Hektar. Ziel ist es in insgesamt 53 F\u00f6rdergebieten mit ca. 7600 ha die Biodiversit\u00e4t zu erhalten und durch Naturschutzma\u00dfnahmen und entsprechend angepasste Nutzung wild lebende Tier- und Pflanzenarten zu sch\u00fctzen.<\/p>\n<p>Von bundesweiter Bedeutung sind im Mittelgebirge Vogelsberg die Buchenmischw\u00e4lder sowie der au\u00dfergew\u00f6hnliche Gew\u00e4sserreichtum und die strukturreiche Kulturlandschaft mit ihren einzigartigen Berg- und M\u00e4hwiesen. Zuk\u00fcnftig sollen jetzt ebenfalls spezielle Offenland- und Waldlebensr\u00e4ume des Mittelgebirges weiterentwickelt und der Reichtum seltener Tier- und Pflanzenarten dieses Naturraums erhalten werden. Nach der F\u00f6rderphase wird der Projekttr\u00e4ger zusammen mit dem Land Hessen sicherstellen, dass die begonnenen Ma\u00dfnahmen nachhaltig etabliert werden.<\/p>\n<p>F\u00fcr die zweite, die momentane Umsetzungsphase wurden knapp 10 Millionen Euro bewilligt &#8211; vom Bundesministerium f\u00fcr Umwelt und Naturschutz (BMUB \/ BfN) kamen 65 % (6,1 Mio. Euro), vom Hessischen Ministerium f\u00fcr Umwelt, Klimaschutz und Landwirtschaft (HMUKLV) 25 % (2,4 Mio. Euro). Dazu bringt der Verein Natur- und Lebensraum Vogelsberg e. V. als Projekttr\u00e4ger mit dem Landkreis Vogelsberg 10 Prozent der Kosten auf.<\/p>\n","protected":false},"excerpt":{"rendered":"<div class=\"tmnf_excerpt\"><p>Zur Jahreshauptversammlung des Tr\u00e4gervereins des Naturschutzgro\u00dfprojektes &#8220;Natur und Lebensraum Vogelsberg e.V.&#8221; am 10. M\u00e4rz 2017 auf dem Hoherodskopf waren nicht nur Mitglieder sondern auch viele interessierte G\u00e4ste gekommen. Angek\u00fcndigt waren f\u00fcr diesen Abend neben den turnusm\u00e4\u00dfigen Neuwahlen des Vorstandes zus\u00e4tzlich Informationen \u00fcber die in 2016 durchgef\u00fchrten Ma\u00dfnahmen sowie f\u00fcr die Zukunft geplante Umsetzungen. Zudem sollte &hellip;<\/p>\n<\/div>","protected":false},"author":1,"featured_media":0,"comment_status":"closed","ping_status":"closed","sticky":false,"template":"","format":"standard","meta":{"footnotes":""},"categories":[1],"tags":[],"class_list":["post-161160","post","type-post","status-publish","format-standard","hentry","category-startseite"],"_links":{"self":[{"href":"https:\/\/www.fuldaernachrichten.de\/index.php?rest_route=\/wp\/v2\/posts\/161160","targetHints":{"allow":["GET"]}}],"collection":[{"href":"https:\/\/www.fuldaernachrichten.de\/index.php?rest_route=\/wp\/v2\/posts"}],"about":[{"href":"https:\/\/www.fuldaernachrichten.de\/index.php?rest_route=\/wp\/v2\/types\/post"}],"author":[{"embeddable":true,"href":"https:\/\/www.fuldaernachrichten.de\/index.php?rest_route=\/wp\/v2\/users\/1"}],"replies":[{"embeddable":true,"href":"https:\/\/www.fuldaernachrichten.de\/index.php?rest_route=%2Fwp%2Fv2%2Fcomments&post=161160"}],"version-history":[{"count":1,"href":"https:\/\/www.fuldaernachrichten.de\/index.php?rest_route=\/wp\/v2\/posts\/161160\/revisions"}],"predecessor-version":[{"id":161169,"href":"https:\/\/www.fuldaernachrichten.de\/index.php?rest_route=\/wp\/v2\/posts\/161160\/revisions\/161169"}],"wp:attachment":[{"href":"https:\/\/www.fuldaernachrichten.de\/index.php?rest_route=%2Fwp%2Fv2%2Fmedia&parent=161160"}],"wp:term":[{"taxonomy":"category","embeddable":true,"href":"https:\/\/www.fuldaernachrichten.de\/index.php?rest_route=%2Fwp%2Fv2%2Fcategories&post=161160"},{"taxonomy":"post_tag","embeddable":true,"href":"https:\/\/www.fuldaernachrichten.de\/index.php?rest_route=%2Fwp%2Fv2%2Ftags&post=161160"}],"curies":[{"name":"wp","href":"https:\/\/api.w.org\/{rel}","templated":true}]}}