{"id":161159,"date":"2017-03-19T21:09:47","date_gmt":"2017-03-19T20:09:47","guid":{"rendered":"http:\/\/www.fuldaer-nachrichten.de\/?p=161159"},"modified":"2017-03-19T21:09:47","modified_gmt":"2017-03-19T20:09:47","slug":"deutsch-als-zweitsprache","status":"publish","type":"post","link":"https:\/\/www.fuldaernachrichten.de\/?p=161159","title":{"rendered":"Deutsch als Zweitsprache"},"content":{"rendered":"<p>In einem Kurs der Volkshochschule des Landkreises Fulda \u201eDeutsch als Fremd-\/Zweitsprache, Grundstufe A1\/A2\u201c sind noch Pl\u00e4tze frei. Beginn ist am Mittwoch, 29. M\u00e4rz, um 18.30 Uhr im Eduard-Stieler-Campus, Raum 222, Br\u00fcder-Grimm-Str. 5, in Fulda. Infos und Anmeldung mit Kursnummer VO4040144 unter www.vhs-fulda.de, telefonisch beim B\u00fcr-gerservice (0661)6006-1600 oder direkt am ersten Kursabend.<\/p>\n","protected":false},"excerpt":{"rendered":"<div class=\"tmnf_excerpt\"><p>In einem Kurs der Volkshochschule des Landkreises Fulda \u201eDeutsch als Fremd-\/Zweitsprache, Grundstufe A1\/A2\u201c sind noch Pl\u00e4tze frei. Beginn ist am Mittwoch, 29. M\u00e4rz, um 18.30 Uhr im Eduard-Stieler-Campus, Raum 222, Br\u00fcder-Grimm-Str. 5, in Fulda. Infos und Anmeldung mit Kursnummer VO4040144 unter www.vhs-fulda.de, telefonisch beim B\u00fcr-gerservice (0661)6006-1600 oder direkt am ersten Kursabend.<\/p>\n<\/div>","protected":false},"author":1,"featured_media":0,"comment_status":"closed","ping_status":"closed","sticky":false,"template":"","format":"standard","meta":{"footnotes":""},"categories":[1],"tags":[],"class_list":["post-161159","post","type-post","status-publish","format-standard","hentry","category-startseite"],"_links":{"self":[{"href":"https:\/\/www.fuldaernachrichten.de\/index.php?rest_route=\/wp\/v2\/posts\/161159","targetHints":{"allow":["GET"]}}],"collection":[{"href":"https:\/\/www.fuldaernachrichten.de\/index.php?rest_route=\/wp\/v2\/posts"}],"about":[{"href":"https:\/\/www.fuldaernachrichten.de\/index.php?rest_route=\/wp\/v2\/types\/post"}],"author":[{"embeddable":true,"href":"https:\/\/www.fuldaernachrichten.de\/index.php?rest_route=\/wp\/v2\/users\/1"}],"replies":[{"embeddable":true,"href":"https:\/\/www.fuldaernachrichten.de\/index.php?rest_route=%2Fwp%2Fv2%2Fcomments&post=161159"}],"version-history":[{"count":1,"href":"https:\/\/www.fuldaernachrichten.de\/index.php?rest_route=\/wp\/v2\/posts\/161159\/revisions"}],"predecessor-version":[{"id":161165,"href":"https:\/\/www.fuldaernachrichten.de\/index.php?rest_route=\/wp\/v2\/posts\/161159\/revisions\/161165"}],"wp:attachment":[{"href":"https:\/\/www.fuldaernachrichten.de\/index.php?rest_route=%2Fwp%2Fv2%2Fmedia&parent=161159"}],"wp:term":[{"taxonomy":"category","embeddable":true,"href":"https:\/\/www.fuldaernachrichten.de\/index.php?rest_route=%2Fwp%2Fv2%2Fcategories&post=161159"},{"taxonomy":"post_tag","embeddable":true,"href":"https:\/\/www.fuldaernachrichten.de\/index.php?rest_route=%2Fwp%2Fv2%2Ftags&post=161159"}],"curies":[{"name":"wp","href":"https:\/\/api.w.org\/{rel}","templated":true}]}}