{"id":161156,"date":"2017-03-19T21:09:06","date_gmt":"2017-03-19T20:09:06","guid":{"rendered":"http:\/\/www.fuldaer-nachrichten.de\/?p=161156"},"modified":"2017-03-19T21:09:06","modified_gmt":"2017-03-19T20:09:06","slug":"kab-ungerechte-lohndifferenz-schlaegt-voll-auf-spaetere-rentenhoehe","status":"publish","type":"post","link":"https:\/\/www.fuldaernachrichten.de\/?p=161156","title":{"rendered":"KAB: Ungerechte Lohndifferenz schl\u00e4gt voll auf sp\u00e4tere Rentenh\u00f6he"},"content":{"rendered":"<p>Die zunehmende Altersarmut von Frauen wird von der Politik seit Jahrzehnten hingenommen und vorangetrieben. &#8220;Solange die ungerechte Lohnschere zwischen Frauen- und M\u00e4nnerberufen nicht entschieden bek\u00e4mpft wird, solange tr\u00e4gt die Politik die Verantwortung f\u00fcr die steigende Altersarmut bei Frauen und Alleinerziehenden&#8221;, betont die stellvertretende Di\u00f6zesanvorsitzende der Katholischen Arbeitnehmer-Bewegung (KAB) Di\u00f6zesanverband Fulda, Marga Hundenborn im Vorfeld des 10. Equal-pay-day am 18. M\u00e4rz.<\/p>\n<p>Dass die Lohnl\u00fccke nur langsam schrumpfe, ist auf das Versagen der Politik zur\u00fcck zu f\u00fchren, so die KAB. Nach Angaben des Statistischen Bundesamtes verdienten weibliche Besch\u00e4ftigte im letzten Jahr im Schnitt 21 Prozent weniger als m\u00e4nnliche. Die KAB macht f\u00fcr diesen leichten R\u00fcckgang die Einf\u00fchrung des Mindestlohnes verantwortlich, der Frauen gerade im Niedriglohnbereich eine bessere Verg\u00fctung erreichen l\u00e4sst. &#8220;Der jetzige Mindestlohn muss deshalb alterssicher kurzfristig auf mindestens 10 Euro, mittelfristig auf 12 Euro angehoben und die Umsetzung st\u00e4rker kontrolliert werden&#8221;, fordert die stellvertretende Di\u00f6zesanvorsitzende.<\/p>\n<p>Vor dem Hintergrund, dass Lohnungerechtigkeit zu Armut im Alter besonders von Frauen f\u00fchre, sei es unverst\u00e4ndlich, dass das Entgelttransparenzgesetz von Bundesfamilienministerin Schwesig von der Regierung zu einem &#8220;fast zahnlosen Tiger&#8221; zusammengestrichen wurde. Nur wenn in allen Betrieben Transparenz \u00fcber L\u00f6hne und Geh\u00e4lter herrsche, k\u00f6nne ein Rechtsanspruch auch umgesetzt werden. Die KAB fordert daher eine Nachbesserung des Gesetzes, um auch in kleineren Unternehmen f\u00fcr Lohngerechtigkeit zu sorgen. &#8220;Das jetzige Gesetz kann nur ein erster Schritt zu mehr Lohngerechtigkeit sein&#8221;, betont Hundenborn.<\/p>\n<p>Lohngerechtigkeit ist eine Querschnittsaufgabe<br \/>\n&#8220;Lohngerechtigkeit ist eine Querschnittsaufgabe und geht \u00fcber die Entlohnung hinaus&#8221;, so die KAB Frau. Die KAB setzt sich f\u00fcr eine bessere Vereinbarkeit von Familie und Beruf, eine st\u00e4rkere Anerkennung der Erziehungsleistungen in der Rente, eine Frauenquote in Politik und Wirtschaft sowie die Aufwertung von Frauenberufen ein. &#8220;Es ist ein Skandal, dass Pflege- und Erziehungsarbeit als bessere Hilfsarbeiten entlohnt werden und die Frauen zur schlechten Bezahlung von heute die Altersarmut-Falle von morgen erwartet&#8221;, betont Hundenborn.<\/p>\n","protected":false},"excerpt":{"rendered":"<div class=\"tmnf_excerpt\"><p>Die zunehmende Altersarmut von Frauen wird von der Politik seit Jahrzehnten hingenommen und vorangetrieben. &#8220;Solange die ungerechte Lohnschere zwischen Frauen- und M\u00e4nnerberufen nicht entschieden bek\u00e4mpft wird, solange tr\u00e4gt die Politik die Verantwortung f\u00fcr die steigende Altersarmut bei Frauen und Alleinerziehenden&#8221;, betont die stellvertretende Di\u00f6zesanvorsitzende der Katholischen Arbeitnehmer-Bewegung (KAB) Di\u00f6zesanverband Fulda, Marga Hundenborn im Vorfeld des &hellip;<\/p>\n<\/div>","protected":false},"author":1,"featured_media":0,"comment_status":"closed","ping_status":"closed","sticky":false,"template":"","format":"standard","meta":{"footnotes":""},"categories":[1],"tags":[],"class_list":["post-161156","post","type-post","status-publish","format-standard","hentry","category-startseite"],"_links":{"self":[{"href":"https:\/\/www.fuldaernachrichten.de\/index.php?rest_route=\/wp\/v2\/posts\/161156","targetHints":{"allow":["GET"]}}],"collection":[{"href":"https:\/\/www.fuldaernachrichten.de\/index.php?rest_route=\/wp\/v2\/posts"}],"about":[{"href":"https:\/\/www.fuldaernachrichten.de\/index.php?rest_route=\/wp\/v2\/types\/post"}],"author":[{"embeddable":true,"href":"https:\/\/www.fuldaernachrichten.de\/index.php?rest_route=\/wp\/v2\/users\/1"}],"replies":[{"embeddable":true,"href":"https:\/\/www.fuldaernachrichten.de\/index.php?rest_route=%2Fwp%2Fv2%2Fcomments&post=161156"}],"version-history":[{"count":1,"href":"https:\/\/www.fuldaernachrichten.de\/index.php?rest_route=\/wp\/v2\/posts\/161156\/revisions"}],"predecessor-version":[{"id":161157,"href":"https:\/\/www.fuldaernachrichten.de\/index.php?rest_route=\/wp\/v2\/posts\/161156\/revisions\/161157"}],"wp:attachment":[{"href":"https:\/\/www.fuldaernachrichten.de\/index.php?rest_route=%2Fwp%2Fv2%2Fmedia&parent=161156"}],"wp:term":[{"taxonomy":"category","embeddable":true,"href":"https:\/\/www.fuldaernachrichten.de\/index.php?rest_route=%2Fwp%2Fv2%2Fcategories&post=161156"},{"taxonomy":"post_tag","embeddable":true,"href":"https:\/\/www.fuldaernachrichten.de\/index.php?rest_route=%2Fwp%2Fv2%2Ftags&post=161156"}],"curies":[{"name":"wp","href":"https:\/\/api.w.org\/{rel}","templated":true}]}}