{"id":161148,"date":"2017-03-17T07:09:37","date_gmt":"2017-03-17T06:09:37","guid":{"rendered":"http:\/\/www.fuldaer-nachrichten.de\/?p=161148"},"modified":"2017-03-17T07:09:37","modified_gmt":"2017-03-17T06:09:37","slug":"seven-days-erweitert-angebot-muensterfeldhalle-als-neue-location","status":"publish","type":"post","link":"https:\/\/www.fuldaernachrichten.de\/?p=161148","title":{"rendered":"Seven Days erweitert Angebot \u2013 M\u00fcnsterfeldhalle als neue Location"},"content":{"rendered":"<p>Seven Days Catering erweitert sein Portfolio: Seit dieser Woche betreibt das Eichenzeller Unternehmen auch die M\u00fcnsterfeldhalle. Inhaber Florjan Kamberi und sein Team k\u00f6nnen nun eine weitere exklusive Location f\u00fcr Feiern jeglicher Art anbieten.<\/p>\n<p>\u201eWir sind froh, dass wir die Halle dazu gewinnen konnten und als exklusiver Caterer vermarkten k\u00f6nnen\u201c, so Kamberi. Die neue Location sei eine gute Erg\u00e4nzung zur Seven Days Eventhalle in Eichenzell, dem Gasthaus \u201eZur Goldnen Krone\u201c im Bermudadreieck sowie der Seven Days Sportsbar in der Fuldaer Johannisau. Schlie\u00dflich k\u00f6nnten im M\u00fcnsterfeld bis zu 600 Leute untergebracht werden. Also nochmal mehr als in Eichenzell. Ob Tischreihen, runde Tische oder Stehparty \u2013 die Halle ist individuell nutzbar. Zudem ist die M\u00fcnsterfeldhalle mit einer gro\u00dfen Theke, einer modernen Gro\u00dfk\u00fcche, B\u00fchne und modernster Technik ausgestattet. \u201eIn der Halle werden verschiedene Veranstaltungen stattfinden\u201c, so Kamberi. Dazu z\u00e4hlen Firmenfeiern, Geburtstage oder auch Hochzeiten. \u201eDie Kunden k\u00f6nnen den ganz normalen Service mit Equipment, Mobiliar und allem Drum und Dran nutzen\u201c, so Kamberi. Selbstverst\u00e4ndlich bietet das Unternehmen f\u00fcr alle Feiern jeglicher Art auch das passende Catering in verschiedenen Variationen. Absolut begeistert ist der Inhaber auch vom Standort. \u201eDie Halle liegt sehr gut\u201c, erkl\u00e4rt Kamberi. Zudem sind direkt vor der T\u00fcr ausreichend Parkm\u00f6glichkeiten vorhanden. Kamberi bedankt sich bei Dr. Samir Al-Hami f\u00fcr das ihm entgegengebrachte Vertrauen, die Halle nun vermarkten zu k\u00f6nnen.<\/p>\n<p>Mit der urspr\u00fcnglich in Fulda geplanten AfD-Veranstaltung in Fulda hatte Seven Days nie etwas zu tun. Die Veranstaltung wurde von der Partei bereits vor der \u00dcbernahme der M\u00fcnsterfeldhalle selbst abgesagt.<\/p>\n<p>Wer Interesse hat, die Halle zu mieten, kann sich ab sofort bei Seven Days unter 06659\/6113131 oder info@sevendays.de melden.<\/p>\n","protected":false},"excerpt":{"rendered":"<div class=\"tmnf_excerpt\"><p>Seven Days Catering erweitert sein Portfolio: Seit dieser Woche betreibt das Eichenzeller Unternehmen auch die M\u00fcnsterfeldhalle. Inhaber Florjan Kamberi und sein Team k\u00f6nnen nun eine weitere exklusive Location f\u00fcr Feiern jeglicher Art anbieten. \u201eWir sind froh, dass wir die Halle dazu gewinnen konnten und als exklusiver Caterer vermarkten k\u00f6nnen\u201c, so Kamberi. Die neue Location sei &hellip;<\/p>\n<\/div>","protected":false},"author":1,"featured_media":0,"comment_status":"closed","ping_status":"closed","sticky":false,"template":"","format":"standard","meta":{"footnotes":""},"categories":[1],"tags":[],"class_list":["post-161148","post","type-post","status-publish","format-standard","hentry","category-startseite"],"_links":{"self":[{"href":"https:\/\/www.fuldaernachrichten.de\/index.php?rest_route=\/wp\/v2\/posts\/161148","targetHints":{"allow":["GET"]}}],"collection":[{"href":"https:\/\/www.fuldaernachrichten.de\/index.php?rest_route=\/wp\/v2\/posts"}],"about":[{"href":"https:\/\/www.fuldaernachrichten.de\/index.php?rest_route=\/wp\/v2\/types\/post"}],"author":[{"embeddable":true,"href":"https:\/\/www.fuldaernachrichten.de\/index.php?rest_route=\/wp\/v2\/users\/1"}],"replies":[{"embeddable":true,"href":"https:\/\/www.fuldaernachrichten.de\/index.php?rest_route=%2Fwp%2Fv2%2Fcomments&post=161148"}],"version-history":[{"count":1,"href":"https:\/\/www.fuldaernachrichten.de\/index.php?rest_route=\/wp\/v2\/posts\/161148\/revisions"}],"predecessor-version":[{"id":161154,"href":"https:\/\/www.fuldaernachrichten.de\/index.php?rest_route=\/wp\/v2\/posts\/161148\/revisions\/161154"}],"wp:attachment":[{"href":"https:\/\/www.fuldaernachrichten.de\/index.php?rest_route=%2Fwp%2Fv2%2Fmedia&parent=161148"}],"wp:term":[{"taxonomy":"category","embeddable":true,"href":"https:\/\/www.fuldaernachrichten.de\/index.php?rest_route=%2Fwp%2Fv2%2Fcategories&post=161148"},{"taxonomy":"post_tag","embeddable":true,"href":"https:\/\/www.fuldaernachrichten.de\/index.php?rest_route=%2Fwp%2Fv2%2Ftags&post=161148"}],"curies":[{"name":"wp","href":"https:\/\/api.w.org\/{rel}","templated":true}]}}