{"id":161144,"date":"2017-03-17T07:09:58","date_gmt":"2017-03-17T06:09:58","guid":{"rendered":"http:\/\/www.fuldaer-nachrichten.de\/?p=161144"},"modified":"2017-03-17T07:09:58","modified_gmt":"2017-03-17T06:09:58","slug":"die-ausgezeichnete-wuerzburger-musikformation-q-age-praesentiert-eine-spannende-und-unterhaltsame-special-acoustic-music-show-beim-gernsehen","status":"publish","type":"post","link":"https:\/\/www.fuldaernachrichten.de\/?p=161144","title":{"rendered":"Die ausgezeichnete W\u00fcrzburger Musikformation Q.AGE pr\u00e4sentiert eine spannende und unterhaltsame \u201eSpecial Acoustic Music Show\u201c beim Gernsehen"},"content":{"rendered":"<p>3 Platten haben sie schon gemacht, mit \u201eThe Voice of Germany\u201c-Gewinner Andreas K\u00fcmmert musiziert und einige Preise eingefahren u.a. bei der International Songwriting Competition 2005. Ihr erstes Rock-Musical \u201eDies A Dream Of You\u201c wurde 2007 f\u00fcr die Richard Rogers Awards in New York nominiert, sie komponierten den Hauptsong der Schacholympiade 2008 in Dresden und Musik f\u00fcr die Konami Games in Tokio. 2014 wurde die Band beim Best Friends Songcontest ausgezeichnet. <\/p>\n<p>Ihr Erfolgs-Rezept: Die Musiker um den in W\u00fcrzburg ans\u00e4ssigen Bandgr\u00fcnder, DJ und Schlagzeuger Cosmin Marica haben klare Botschaften und keine Angst vor Gef\u00fchlen. So stellen sie ihrer Homepage das Motto: \u201eLove, believe, hope until you\u00e2\u20ac\u2122re dirt\/ like you\u00e2\u20ac\u2122ve never been hurt\u201c voran und beschreiben ihre Produktionen als \u201eMusik f\u00fcr Freidenker, Revoluzzer und Pazifisten\u201c.<\/p>\n<p>Das bedeutet auch, dass sie sich auch selbst auf Experimente und ungew\u00f6hnliche Herausforderungen einlassen. Bei Marianne Blums beliebter Dinner-Show zu spielen, ist so eine Herausforderung. Denn hier ist keine gro\u00dfe Festival- oder Club-B\u00fchne zu f\u00fcllen. Auch klanglich m\u00fcssen sie sich auf das mittelalterliche Ambiente des Wappensaals im Maritim Fulda einlassen. <\/p>\n<p>Das tun Felix W\u00f6llmer (Gitarre, Bass), Diego Villabona (Bass) Cosmin Marica (Perkussion) mit einer eigens f\u00fcr das Gernsehen entwickelten \u201eSpecial Acoustic Music Show\u201c mit akustischen Gitarren, Percussion und Gesang. Daf\u00fcr haben sie sich extra die S\u00e4ngerin Ami Lyons dazu geholt. Zu viert gestalten Sie die Dinner-Show damit ganz im Stil der ber\u00fchmten MTV unplugged Konzerte, wobei es ihnen besonders darauf ankommt, das Gl\u00fcck, das sie im Titel der Show beschw\u00f6ren, f\u00fcr die Zuschauer greifbar zu machen, so dass jeder an diesem Abend ein Zipfelchen davon abbekommt. Das kombiniert mit einem k\u00f6stlichen Men\u00fc aus der K\u00fcche des Maritim und Show-Einlagen von Marianne Blum als Gast-S\u00e4ngerin \u2013 was kann man an einem Mittwochabend im M\u00e4rz Sch\u00f6neres vorhaben? <\/p>\n<p>Seit Januar 2010 gibt es in Fulda die Dinner-Show der Entertainerin Marianne Blum. Damit ist die Reihe die erfolgreichste Veranstaltungsreihe der Region! Kein Wunder &#8211; denn das Gernsehen ist abwechslungsreich und \u00fcberraschend, niveauvoll und unterhaltsam, k\u00f6stlich und au\u00dfergew\u00f6hnlich und jedes Mal anders. Denn die Gastgeberin pr\u00e4sentiert an jedem letzten Mittwoch im Monat, 19-22 Uhr immer wieder spannende K\u00fcnstler aus allen Sparten. Ob regionale Talente oder Stars, sie alle kommen gern, denn hier stimmt einfach alles. Das kommt dem Publikum zugute, denn das, was die K\u00fcnstler in ihren live Shows bei der Blum zeigen, kann man sonst nirgends erleben. <\/p>\n<p>Das ist besser als Fernsehen &#8211; das ist Gernsehen!<\/p>\n<p>Mittwoch, 29. M\u00e4rz 2017, 19 \u2013 22 Uhr<br \/>\nWappensaal, Maritim Fulda<\/p>\n<p>Pauluspromenade 2, 36037 Fulda<br \/>\nWeitere Infos unter 0661-282-0 oder www.maritim.de<br \/>\nShow + 3-Gang-Men\u00fc (auch vegetarisch): 34 \u00e2\u201a\u00ac. Bitte unbedingt reservieren!<\/p>\n<p>Tickets und Reservierung im Maritim Hotel am Schlossgarten Fulda oder info.ful@maritim.de <\/p>\n","protected":false},"excerpt":{"rendered":"<div class=\"tmnf_excerpt\"><p>3 Platten haben sie schon gemacht, mit \u201eThe Voice of Germany\u201c-Gewinner Andreas K\u00fcmmert musiziert und einige Preise eingefahren u.a. bei der International Songwriting Competition 2005. Ihr erstes Rock-Musical \u201eDies A Dream Of You\u201c wurde 2007 f\u00fcr die Richard Rogers Awards in New York nominiert, sie komponierten den Hauptsong der Schacholympiade 2008 in Dresden und Musik &hellip;<\/p>\n<\/div>","protected":false},"author":1,"featured_media":161151,"comment_status":"closed","ping_status":"closed","sticky":false,"template":"","format":"standard","meta":{"footnotes":""},"categories":[1],"tags":[],"class_list":["post-161144","post","type-post","status-publish","format-standard","has-post-thumbnail","hentry","category-startseite"],"_links":{"self":[{"href":"https:\/\/www.fuldaernachrichten.de\/index.php?rest_route=\/wp\/v2\/posts\/161144","targetHints":{"allow":["GET"]}}],"collection":[{"href":"https:\/\/www.fuldaernachrichten.de\/index.php?rest_route=\/wp\/v2\/posts"}],"about":[{"href":"https:\/\/www.fuldaernachrichten.de\/index.php?rest_route=\/wp\/v2\/types\/post"}],"author":[{"embeddable":true,"href":"https:\/\/www.fuldaernachrichten.de\/index.php?rest_route=\/wp\/v2\/users\/1"}],"replies":[{"embeddable":true,"href":"https:\/\/www.fuldaernachrichten.de\/index.php?rest_route=%2Fwp%2Fv2%2Fcomments&post=161144"}],"version-history":[{"count":1,"href":"https:\/\/www.fuldaernachrichten.de\/index.php?rest_route=\/wp\/v2\/posts\/161144\/revisions"}],"predecessor-version":[{"id":161155,"href":"https:\/\/www.fuldaernachrichten.de\/index.php?rest_route=\/wp\/v2\/posts\/161144\/revisions\/161155"}],"wp:featuredmedia":[{"embeddable":true,"href":"https:\/\/www.fuldaernachrichten.de\/index.php?rest_route=\/wp\/v2\/media\/161151"}],"wp:attachment":[{"href":"https:\/\/www.fuldaernachrichten.de\/index.php?rest_route=%2Fwp%2Fv2%2Fmedia&parent=161144"}],"wp:term":[{"taxonomy":"category","embeddable":true,"href":"https:\/\/www.fuldaernachrichten.de\/index.php?rest_route=%2Fwp%2Fv2%2Fcategories&post=161144"},{"taxonomy":"post_tag","embeddable":true,"href":"https:\/\/www.fuldaernachrichten.de\/index.php?rest_route=%2Fwp%2Fv2%2Ftags&post=161144"}],"curies":[{"name":"wp","href":"https:\/\/api.w.org\/{rel}","templated":true}]}}