{"id":161124,"date":"2017-03-17T07:01:56","date_gmt":"2017-03-17T06:01:56","guid":{"rendered":"http:\/\/www.fuldaer-nachrichten.de\/?p=161124"},"modified":"2017-03-17T07:01:56","modified_gmt":"2017-03-17T06:01:56","slug":"vizelandrat-begruesste-die-hessischen-gesundheitsamts-leiter-bei-tagung-in-lauterbach","status":"publish","type":"post","link":"https:\/\/www.fuldaernachrichten.de\/?p=161124","title":{"rendered":"Vizelandrat begr\u00fc\u00dfte die hessischen Gesundheitsamts-Leiter bei Tagung in Lauterbach"},"content":{"rendered":"<p>\u201eGegebenenfalls muss man Richtlinien an die Wirklichkeit anpassen\u201c, sagte Erster Kreisbeigeordneter Dr. Jens Mischak, als er die Leiterinnen und Leiter aller Gesundheits\u00e4mter der hessischen Landkreise und kreisfreien St\u00e4dte begr\u00fc\u00dfte. Die Experten des \u00f6ffentlichen Gesundheitssystems, des Hessischen Landkreistages sowie Vertreter des Sozialministeriums und des zust\u00e4ndigen Regierungspr\u00e4sidiums Darmstadt diskutierten unter anderem freim\u00fctig dar\u00fcber, wie die Personalenge \u2013 zumal an der Spitze einiger Gesundheits\u00e4mter \u2013 bew\u00e4ltigt werden k\u00f6nnte.<\/p>\n<p>Vizelandrat Dr. Mischak zeigte in seinen Ausf\u00fchrungen wenig Verst\u00e4ndnis daf\u00fcr, dass sehr erfahrene langj\u00e4hrige \u00c4rzte im \u00f6ffentlichen Gesundheitswesen nicht Amtsleiter werden k\u00f6nnten, ohne dass sie eine f\u00fcnfj\u00e4hrige Zusatz-Facharztausbildung nachweisen.<\/p>\n<p>HG\u00d6GD sollte ge\u00e4ndert werden<\/p>\n<p>Es m\u00fcsse \u00fcber eine \u00c4nderung des Hessischen Gesetzes \u00fcber den \u00f6ffentlichen Gesundheitsdienstes (HG\u00d6GD) dringend nachgedacht werden. Praxisnah und sachgerecht w\u00e4re aus seiner Sicht eine Novelle des HG\u00d6GD, die ein \u201eoder\u201c beinhalte: Leitung eines Gesundheitsamtes bei Nachweis der f\u00fcnfj\u00e4hrigen Zusatzausbildung oder 10 Jahre Berufspraxis im Gesundheitsamt.<\/p>\n<p>Der Vogelsberger Gesundheitsdezernent wies auf die Bedeutung der Gesundheits\u00e4mter hin und nannte als Beispiele die aktuelle Krankheitsentwicklungen bei Tuberkulose, Ebola und Influenza. Zunehmend sei die Arbeit des Gesundheitsamts auch mit sozialpolitischen Aufgaben verwoben, vor allem im Pr\u00e4ventionsbereich. So seien die Gesundheits\u00e4mter teilweise in die fr\u00fchen Hilfen bei Neugeborenen eingebunden, leiteten in gr\u00f6\u00dferen St\u00e4dten humanit\u00e4re Sprechstunden f\u00fcr Nichtkrankenversicherte und seien eine Anlaufstelle f\u00fcr psychisch Kranke bzw. von psychischen Krankheiten betroffene Familienangeh\u00f6rige.<\/p>\n<p>Dr. Mischak nutzte die Gelegenheit, alle hessischen Landkreise zu Gast zu haben, daf\u00fcr, die Vorz\u00fcge des Vogelsbergkreises bei Familienfreundlichkeit, g\u00fcnstigem Wohnraum, zentraler Lage und niedriger Kriminalit\u00e4tsrate herauszustellen.<\/p>\n<p>Auch auf Besonderheiten des Vogelsberger Gesundheitsamtes machte Mischak aufmerksam. Die Fachstelle f\u00fcr medizinische Versorgung sei bereits jetzt effektiv bei der Linderung des \u00c4rztemangels. Er nannte als Beispiele die Angebote Blockpraktikum, Weiterbildungsverbund und Medizinstipendium.<\/p>\n","protected":false},"excerpt":{"rendered":"<div class=\"tmnf_excerpt\"><p>\u201eGegebenenfalls muss man Richtlinien an die Wirklichkeit anpassen\u201c, sagte Erster Kreisbeigeordneter Dr. Jens Mischak, als er die Leiterinnen und Leiter aller Gesundheits\u00e4mter der hessischen Landkreise und kreisfreien St\u00e4dte begr\u00fc\u00dfte. Die Experten des \u00f6ffentlichen Gesundheitssystems, des Hessischen Landkreistages sowie Vertreter des Sozialministeriums und des zust\u00e4ndigen Regierungspr\u00e4sidiums Darmstadt diskutierten unter anderem freim\u00fctig dar\u00fcber, wie die Personalenge \u2013 &hellip;<\/p>\n<\/div>","protected":false},"author":1,"featured_media":161131,"comment_status":"closed","ping_status":"closed","sticky":false,"template":"","format":"standard","meta":{"footnotes":""},"categories":[1],"tags":[],"class_list":["post-161124","post","type-post","status-publish","format-standard","has-post-thumbnail","hentry","category-startseite"],"_links":{"self":[{"href":"https:\/\/www.fuldaernachrichten.de\/index.php?rest_route=\/wp\/v2\/posts\/161124","targetHints":{"allow":["GET"]}}],"collection":[{"href":"https:\/\/www.fuldaernachrichten.de\/index.php?rest_route=\/wp\/v2\/posts"}],"about":[{"href":"https:\/\/www.fuldaernachrichten.de\/index.php?rest_route=\/wp\/v2\/types\/post"}],"author":[{"embeddable":true,"href":"https:\/\/www.fuldaernachrichten.de\/index.php?rest_route=\/wp\/v2\/users\/1"}],"replies":[{"embeddable":true,"href":"https:\/\/www.fuldaernachrichten.de\/index.php?rest_route=%2Fwp%2Fv2%2Fcomments&post=161124"}],"version-history":[{"count":1,"href":"https:\/\/www.fuldaernachrichten.de\/index.php?rest_route=\/wp\/v2\/posts\/161124\/revisions"}],"predecessor-version":[{"id":161132,"href":"https:\/\/www.fuldaernachrichten.de\/index.php?rest_route=\/wp\/v2\/posts\/161124\/revisions\/161132"}],"wp:featuredmedia":[{"embeddable":true,"href":"https:\/\/www.fuldaernachrichten.de\/index.php?rest_route=\/wp\/v2\/media\/161131"}],"wp:attachment":[{"href":"https:\/\/www.fuldaernachrichten.de\/index.php?rest_route=%2Fwp%2Fv2%2Fmedia&parent=161124"}],"wp:term":[{"taxonomy":"category","embeddable":true,"href":"https:\/\/www.fuldaernachrichten.de\/index.php?rest_route=%2Fwp%2Fv2%2Fcategories&post=161124"},{"taxonomy":"post_tag","embeddable":true,"href":"https:\/\/www.fuldaernachrichten.de\/index.php?rest_route=%2Fwp%2Fv2%2Ftags&post=161124"}],"curies":[{"name":"wp","href":"https:\/\/api.w.org\/{rel}","templated":true}]}}