{"id":161122,"date":"2017-03-17T06:59:10","date_gmt":"2017-03-17T05:59:10","guid":{"rendered":"http:\/\/www.fuldaer-nachrichten.de\/?p=161122"},"modified":"2017-03-17T06:59:10","modified_gmt":"2017-03-17T05:59:10","slug":"fruehlings-woche-vom-20-bis-25-maerz-2017","status":"publish","type":"post","link":"https:\/\/www.fuldaernachrichten.de\/?p=161122","title":{"rendered":"Fr\u00fchlings-Woche vom 20. bis 25. M\u00e4rz 2017"},"content":{"rendered":"<p>Der Verein \u201eWir f\u00fcr Gersfeld\u201c l\u00e4dt zu einer Fr\u00fchlings-Woche in Gersfeld ein. Vom 20. bis 25. M\u00e4rz 2017 halten die teilnehmenden Gesch\u00e4fte neben fr\u00fchlingsfrischen Angeboten und zahlreichen Verkaufsaktionen auch einige \u00dcberraschungen f\u00fcr Ihre gro\u00dfen und kleinen Kunden bereit. Das breit gef\u00e4cherte Angebot l\u00e4sst fast keine W\u00fcnsche offen. Textilien, Schuhe, Schmuck, Deko- und Geschenkartikel sowie Spielwaren und Rh\u00f6ner Produkte aus eigener Herstellung geh\u00f6ren zum vielseitigen Sortiment.<\/p>\n<p>Fahrrad-Basar und Kinder-Flohmarkt am Marktplatz Gersfeld<\/p>\n<p>Zum Abschluss der Fr\u00fchlingswoche findet am Samstag, 25. M\u00e4rz erstmals ein Fahrrad-Basar und ein Kinder-Flohmarkt auf dem Gersfelder Marktplatz statt. Gut erhaltene Fahrr\u00e4der f\u00fcr Klein und Gro\u00df sowie Outdoor-Ger\u00e4te, Spielsachen und andere Dinge k\u00f6nnen von den Teilnehmern in der Zeit von 12.00 bis 16.00 Uhr angeboten und verkauft werden. Anmeldungen hierf\u00fcr werden bis zum 22. M\u00e4rz in der Tourist-Information, Br\u00fcckenstra\u00dfe 1, angenommen. Die Teilnahmegeb\u00fchr am Fahrrad-Basar ist 5,00 Euro (ab zwei Fahrr\u00e4der 10,00 Euro), am Kinder-Flohmarkt 0,50 Euro pro Stand. Beim Fahrrad-Basar stehen fachkundige Begleiter zur Verf\u00fcgung, die einen allgemeinen Funktions- und Tauglichkeits-Check der R\u00e4der vornehmen und bei Bedarf auch beraten.<br \/>\nNeben dem Fahrradbasar besteht die M\u00f6glichkeit unter fachkundiger Anleitung sein Fahrrad f\u00fcr die Saison startklar zu machen und die eigene Geschicklichkeit in einem Parcour zu testen.<\/p>\n","protected":false},"excerpt":{"rendered":"<div class=\"tmnf_excerpt\"><p>Der Verein \u201eWir f\u00fcr Gersfeld\u201c l\u00e4dt zu einer Fr\u00fchlings-Woche in Gersfeld ein. Vom 20. bis 25. M\u00e4rz 2017 halten die teilnehmenden Gesch\u00e4fte neben fr\u00fchlingsfrischen Angeboten und zahlreichen Verkaufsaktionen auch einige \u00dcberraschungen f\u00fcr Ihre gro\u00dfen und kleinen Kunden bereit. Das breit gef\u00e4cherte Angebot l\u00e4sst fast keine W\u00fcnsche offen. Textilien, Schuhe, Schmuck, Deko- und Geschenkartikel sowie Spielwaren &hellip;<\/p>\n<\/div>","protected":false},"author":1,"featured_media":0,"comment_status":"closed","ping_status":"closed","sticky":false,"template":"","format":"standard","meta":{"footnotes":""},"categories":[1],"tags":[],"class_list":["post-161122","post","type-post","status-publish","format-standard","hentry","category-startseite"],"_links":{"self":[{"href":"https:\/\/www.fuldaernachrichten.de\/index.php?rest_route=\/wp\/v2\/posts\/161122","targetHints":{"allow":["GET"]}}],"collection":[{"href":"https:\/\/www.fuldaernachrichten.de\/index.php?rest_route=\/wp\/v2\/posts"}],"about":[{"href":"https:\/\/www.fuldaernachrichten.de\/index.php?rest_route=\/wp\/v2\/types\/post"}],"author":[{"embeddable":true,"href":"https:\/\/www.fuldaernachrichten.de\/index.php?rest_route=\/wp\/v2\/users\/1"}],"replies":[{"embeddable":true,"href":"https:\/\/www.fuldaernachrichten.de\/index.php?rest_route=%2Fwp%2Fv2%2Fcomments&post=161122"}],"version-history":[{"count":1,"href":"https:\/\/www.fuldaernachrichten.de\/index.php?rest_route=\/wp\/v2\/posts\/161122\/revisions"}],"predecessor-version":[{"id":161123,"href":"https:\/\/www.fuldaernachrichten.de\/index.php?rest_route=\/wp\/v2\/posts\/161122\/revisions\/161123"}],"wp:attachment":[{"href":"https:\/\/www.fuldaernachrichten.de\/index.php?rest_route=%2Fwp%2Fv2%2Fmedia&parent=161122"}],"wp:term":[{"taxonomy":"category","embeddable":true,"href":"https:\/\/www.fuldaernachrichten.de\/index.php?rest_route=%2Fwp%2Fv2%2Fcategories&post=161122"},{"taxonomy":"post_tag","embeddable":true,"href":"https:\/\/www.fuldaernachrichten.de\/index.php?rest_route=%2Fwp%2Fv2%2Ftags&post=161122"}],"curies":[{"name":"wp","href":"https:\/\/api.w.org\/{rel}","templated":true}]}}