{"id":161112,"date":"2017-03-17T06:58:00","date_gmt":"2017-03-17T05:58:00","guid":{"rendered":"http:\/\/www.fuldaer-nachrichten.de\/?p=161112"},"modified":"2017-03-17T06:58:00","modified_gmt":"2017-03-17T05:58:00","slug":"die-muetze-feiert-29-geburtstag","status":"publish","type":"post","link":"https:\/\/www.fuldaernachrichten.de\/?p=161112","title":{"rendered":"Die \u201eM\u00dcTZE\u201c feiert 29. Geburtstag"},"content":{"rendered":"<p>Das M\u00fctterzentrum e. V., Fulda, \u201eDie M\u00dcTZE\u201c, l\u00e4dt am Sonntag, 19. M\u00e4rz 2017, in der Zeit von 13.30 \u2013 17.00 Uhr zum 29. Geburtstag in den Gallasiniring 8, in Fulda ein.<\/p>\n<p>Die Feierlichkeiten werden um 14.00 Uhr durch den Vorstand offiziell er\u00f6ffnet.<\/p>\n<p>Neben einer kleinen Vorf\u00fchrung der U3 Kinderkrippe Marienk\u00e4fer und dem Minikindergarten erwartet die Besucher tolle Bastel- und Spielangebote, und eine Tombola, deren Erl\u00f6s der Arbeit des M\u00fctterzentrums zu Gute kommt. F\u00fcr das leibliche Wohl ist gesorgt. Alle, ob Gro\u00df ob Klein, sind herzlich eingeladen. N\u00e4here Informationen unter Tel. 0661\/8050, Mo. \u2013 Fr. von 9.00 \u2013 13.00 Uhr, oder im Internet unter www.muetze-fulda.de.<\/p>\n","protected":false},"excerpt":{"rendered":"<div class=\"tmnf_excerpt\"><p>Das M\u00fctterzentrum e. V., Fulda, \u201eDie M\u00dcTZE\u201c, l\u00e4dt am Sonntag, 19. M\u00e4rz 2017, in der Zeit von 13.30 \u2013 17.00 Uhr zum 29. Geburtstag in den Gallasiniring 8, in Fulda ein. Die Feierlichkeiten werden um 14.00 Uhr durch den Vorstand offiziell er\u00f6ffnet. Neben einer kleinen Vorf\u00fchrung der U3 Kinderkrippe Marienk\u00e4fer und dem Minikindergarten erwartet die &hellip;<\/p>\n<\/div>","protected":false},"author":1,"featured_media":0,"comment_status":"closed","ping_status":"closed","sticky":false,"template":"","format":"standard","meta":{"footnotes":""},"categories":[1],"tags":[],"class_list":["post-161112","post","type-post","status-publish","format-standard","hentry","category-startseite"],"_links":{"self":[{"href":"https:\/\/www.fuldaernachrichten.de\/index.php?rest_route=\/wp\/v2\/posts\/161112","targetHints":{"allow":["GET"]}}],"collection":[{"href":"https:\/\/www.fuldaernachrichten.de\/index.php?rest_route=\/wp\/v2\/posts"}],"about":[{"href":"https:\/\/www.fuldaernachrichten.de\/index.php?rest_route=\/wp\/v2\/types\/post"}],"author":[{"embeddable":true,"href":"https:\/\/www.fuldaernachrichten.de\/index.php?rest_route=\/wp\/v2\/users\/1"}],"replies":[{"embeddable":true,"href":"https:\/\/www.fuldaernachrichten.de\/index.php?rest_route=%2Fwp%2Fv2%2Fcomments&post=161112"}],"version-history":[{"count":1,"href":"https:\/\/www.fuldaernachrichten.de\/index.php?rest_route=\/wp\/v2\/posts\/161112\/revisions"}],"predecessor-version":[{"id":161118,"href":"https:\/\/www.fuldaernachrichten.de\/index.php?rest_route=\/wp\/v2\/posts\/161112\/revisions\/161118"}],"wp:attachment":[{"href":"https:\/\/www.fuldaernachrichten.de\/index.php?rest_route=%2Fwp%2Fv2%2Fmedia&parent=161112"}],"wp:term":[{"taxonomy":"category","embeddable":true,"href":"https:\/\/www.fuldaernachrichten.de\/index.php?rest_route=%2Fwp%2Fv2%2Fcategories&post=161112"},{"taxonomy":"post_tag","embeddable":true,"href":"https:\/\/www.fuldaernachrichten.de\/index.php?rest_route=%2Fwp%2Fv2%2Ftags&post=161112"}],"curies":[{"name":"wp","href":"https:\/\/api.w.org\/{rel}","templated":true}]}}