{"id":161111,"date":"2017-03-17T06:56:18","date_gmt":"2017-03-17T05:56:18","guid":{"rendered":"http:\/\/www.fuldaer-nachrichten.de\/?p=161111"},"modified":"2017-03-17T06:56:18","modified_gmt":"2017-03-17T05:56:18","slug":"keine-verkaufsoeffnungen-in-eiterfeld-kab-und-ver-di-sehen-sich-in-haltung-bestaetigt","status":"publish","type":"post","link":"https:\/\/www.fuldaernachrichten.de\/?p=161111","title":{"rendered":"Keine Verkaufs\u00f6ffnungen in Eiterfeld KAB und ver.di sehen sich in Haltung best\u00e4tigt"},"content":{"rendered":"<p>Die Katholische Arbeitnehmer-Bewegung (KAB) Di\u00f6zesanverband Fulda und die Vereinte Dienstleistungsgewerkschaft ver.di \u2013 Bezirk Osthessen sehen sich mit der R\u00fccknahme der Genehmigung des verkaufsoffenen Sonntags anl\u00e4sslich des Fr\u00fchjahrsmarktes in Eiterfeld in ihrem Engagement f\u00fcr den arbeitsfreien Sonntag best\u00e4tigt. Mit Verwunderung wird jedoch zur Kenntnis genommen, dass der gesamte Fr\u00fchjahrsmarkt abgesagt wurde. KAB und ver.di hatten im Rahmen der Allianz f\u00fcr den freien Sonntag Widerspruch gegen die Allgemeinverf\u00fcgung der Gemeinde zur Genehmigung eines verkaufsoffenen Sonntags erhoben, nicht jedoch gegen den Fr\u00fchjahrsmarkt.<\/p>\n<p>\u201eDamit best\u00e4tigt sich einmal mehr unsere Vermutung, dass offensichtlich viele Anl\u00e4sse nur vorgeschoben sind, um den Sonntagsschutz zu umgehen\u201c so Berthold Leinweber, ver.di Gesch\u00e4ftsf\u00fchrer in Osthessen.<\/p>\n<p>\u201eDie Rolle des \u00c2\u00b4Spielverderbers\u201c der Allianz f\u00fcr den freien Sonntag zuzuweisen verdreht\u201c so KAB Di\u00f6zesansekret\u00e4r Michael Schmitt, \u201edie Tatsachen\u201c. Der Gemeinde Eiterfeld m\u00fcsste, wie mittlerweile allen hessischen Kommunen, hinl\u00e4nglich bekannt sein, dass Ausnahmegenehmigungen zur sonnt\u00e4glichen \u00d6ffnung von Einzelhandelsgesch\u00e4ften eindeutigen Vorgaben unterliegen. Darauf wurden die Gemeinden nicht nur durch Schreiben der Allianz f\u00fcr den freien Sonntag aufmerksam gemacht. Der hessische Sozialminister Stefan Gr\u00fcttner hatte eine entsprechende Information schon im Mai 2016 an den Hess. St\u00e4dte und Gemeindebund, den Hess. St\u00e4dte- und den hess. Landkreistag gegeben, die diese Hinweise auch weitergegeben hatten. \u201eWenn eine Gemeinde dann eine Genehmigung kurzfristig erteilt und es zu einer ebenso kurzfristigen Absage kommt, liegt das Verschulden nicht bei der Allianz f\u00fcr den freien Sonntag, sondern bei der Gemeinde\u201c so Schmitt.<\/p>\n","protected":false},"excerpt":{"rendered":"<div class=\"tmnf_excerpt\"><p>Die Katholische Arbeitnehmer-Bewegung (KAB) Di\u00f6zesanverband Fulda und die Vereinte Dienstleistungsgewerkschaft ver.di \u2013 Bezirk Osthessen sehen sich mit der R\u00fccknahme der Genehmigung des verkaufsoffenen Sonntags anl\u00e4sslich des Fr\u00fchjahrsmarktes in Eiterfeld in ihrem Engagement f\u00fcr den arbeitsfreien Sonntag best\u00e4tigt. Mit Verwunderung wird jedoch zur Kenntnis genommen, dass der gesamte Fr\u00fchjahrsmarkt abgesagt wurde. KAB und ver.di hatten im &hellip;<\/p>\n<\/div>","protected":false},"author":1,"featured_media":0,"comment_status":"closed","ping_status":"closed","sticky":false,"template":"","format":"standard","meta":{"footnotes":""},"categories":[1],"tags":[],"class_list":["post-161111","post","type-post","status-publish","format-standard","hentry","category-startseite"],"_links":{"self":[{"href":"https:\/\/www.fuldaernachrichten.de\/index.php?rest_route=\/wp\/v2\/posts\/161111","targetHints":{"allow":["GET"]}}],"collection":[{"href":"https:\/\/www.fuldaernachrichten.de\/index.php?rest_route=\/wp\/v2\/posts"}],"about":[{"href":"https:\/\/www.fuldaernachrichten.de\/index.php?rest_route=\/wp\/v2\/types\/post"}],"author":[{"embeddable":true,"href":"https:\/\/www.fuldaernachrichten.de\/index.php?rest_route=\/wp\/v2\/users\/1"}],"replies":[{"embeddable":true,"href":"https:\/\/www.fuldaernachrichten.de\/index.php?rest_route=%2Fwp%2Fv2%2Fcomments&post=161111"}],"version-history":[{"count":1,"href":"https:\/\/www.fuldaernachrichten.de\/index.php?rest_route=\/wp\/v2\/posts\/161111\/revisions"}],"predecessor-version":[{"id":161116,"href":"https:\/\/www.fuldaernachrichten.de\/index.php?rest_route=\/wp\/v2\/posts\/161111\/revisions\/161116"}],"wp:attachment":[{"href":"https:\/\/www.fuldaernachrichten.de\/index.php?rest_route=%2Fwp%2Fv2%2Fmedia&parent=161111"}],"wp:term":[{"taxonomy":"category","embeddable":true,"href":"https:\/\/www.fuldaernachrichten.de\/index.php?rest_route=%2Fwp%2Fv2%2Fcategories&post=161111"},{"taxonomy":"post_tag","embeddable":true,"href":"https:\/\/www.fuldaernachrichten.de\/index.php?rest_route=%2Fwp%2Fv2%2Ftags&post=161111"}],"curies":[{"name":"wp","href":"https:\/\/api.w.org\/{rel}","templated":true}]}}