{"id":161100,"date":"2017-03-16T07:24:13","date_gmt":"2017-03-16T06:24:13","guid":{"rendered":"http:\/\/www.fuldaer-nachrichten.de\/?p=161100"},"modified":"2017-03-16T07:24:13","modified_gmt":"2017-03-16T06:24:13","slug":"statement-von-birgit-koempel-zur-schliessung-des-unternehmens-wella","status":"publish","type":"post","link":"https:\/\/www.fuldaernachrichten.de\/?p=161100","title":{"rendered":"Statement von Birgit K\u00f6mpel zur Schlie\u00dfung des Unternehmens Wella"},"content":{"rendered":"<p>Die Schlie\u00dfung des Traditionsunternehmens Wella ist ein schwerer Schlag f\u00fcr den Standort H\u00fcnfeld und nicht in Ordnung seitens des Unternehmens Coty. Da wurde bei der \u00dcbernahme im Herbst des vergangenen Jahres eine gro\u00dfe Willkommensparty f\u00fcr Coty gefeiert, nun sollen Ende n\u00e4chsten Jahres schon die Lichter ausgehen. Letztlich geht es der Unternehmensleitung wohl nur um die Reduzierung von Lohnkosten, gute Arbeit und gute Qualifizierung der Mitarbeiter\/innen erscheinen zweitrangig.  Wenn man aber die Produktion in Billiglohnl\u00e4nder verlegt, hei\u00dft das nicht, dass die Produktivit\u00e4t gesteigert wird. Oft kehren deutsche Unternehmen wieder mit ihrer Produktion  in die Heimat zur\u00fcck, weil sie feststellen, dass hier die Produktivit\u00e4t am h\u00f6chsten ist. <\/p>\n<p>380 Menschen, darunter viele Familienv\u00e4ter und \u2013 m\u00fctter, werden ihren Job verlieren. Ich hoffe sehr, dass sie schon bald neue Arbeit finden. Betriebsvorsitzender Norbert Herr und die Gewerkschaft IGBCE haben jedenfalls angek\u00fcndigt, dass sie bei den Verhandlungen mit der Unternehmensleitung k\u00e4mpfen werden. Sie k\u00f6nnen sich meiner Unterst\u00fctzung sicher sein.    <\/p>\n","protected":false},"excerpt":{"rendered":"<div class=\"tmnf_excerpt\"><p>Die Schlie\u00dfung des Traditionsunternehmens Wella ist ein schwerer Schlag f\u00fcr den Standort H\u00fcnfeld und nicht in Ordnung seitens des Unternehmens Coty. Da wurde bei der \u00dcbernahme im Herbst des vergangenen Jahres eine gro\u00dfe Willkommensparty f\u00fcr Coty gefeiert, nun sollen Ende n\u00e4chsten Jahres schon die Lichter ausgehen. Letztlich geht es der Unternehmensleitung wohl nur um die &hellip;<\/p>\n<\/div>","protected":false},"author":1,"featured_media":161102,"comment_status":"closed","ping_status":"closed","sticky":false,"template":"","format":"standard","meta":{"footnotes":""},"categories":[1],"tags":[],"class_list":["post-161100","post","type-post","status-publish","format-standard","has-post-thumbnail","hentry","category-startseite"],"_links":{"self":[{"href":"https:\/\/www.fuldaernachrichten.de\/index.php?rest_route=\/wp\/v2\/posts\/161100","targetHints":{"allow":["GET"]}}],"collection":[{"href":"https:\/\/www.fuldaernachrichten.de\/index.php?rest_route=\/wp\/v2\/posts"}],"about":[{"href":"https:\/\/www.fuldaernachrichten.de\/index.php?rest_route=\/wp\/v2\/types\/post"}],"author":[{"embeddable":true,"href":"https:\/\/www.fuldaernachrichten.de\/index.php?rest_route=\/wp\/v2\/users\/1"}],"replies":[{"embeddable":true,"href":"https:\/\/www.fuldaernachrichten.de\/index.php?rest_route=%2Fwp%2Fv2%2Fcomments&post=161100"}],"version-history":[{"count":1,"href":"https:\/\/www.fuldaernachrichten.de\/index.php?rest_route=\/wp\/v2\/posts\/161100\/revisions"}],"predecessor-version":[{"id":161106,"href":"https:\/\/www.fuldaernachrichten.de\/index.php?rest_route=\/wp\/v2\/posts\/161100\/revisions\/161106"}],"wp:featuredmedia":[{"embeddable":true,"href":"https:\/\/www.fuldaernachrichten.de\/index.php?rest_route=\/wp\/v2\/media\/161102"}],"wp:attachment":[{"href":"https:\/\/www.fuldaernachrichten.de\/index.php?rest_route=%2Fwp%2Fv2%2Fmedia&parent=161100"}],"wp:term":[{"taxonomy":"category","embeddable":true,"href":"https:\/\/www.fuldaernachrichten.de\/index.php?rest_route=%2Fwp%2Fv2%2Fcategories&post=161100"},{"taxonomy":"post_tag","embeddable":true,"href":"https:\/\/www.fuldaernachrichten.de\/index.php?rest_route=%2Fwp%2Fv2%2Ftags&post=161100"}],"curies":[{"name":"wp","href":"https:\/\/api.w.org\/{rel}","templated":true}]}}