{"id":161089,"date":"2017-03-16T07:20:42","date_gmt":"2017-03-16T06:20:42","guid":{"rendered":"http:\/\/www.fuldaer-nachrichten.de\/?p=161089"},"modified":"2017-03-16T07:20:42","modified_gmt":"2017-03-16T06:20:42","slug":"obstbaumschnittkurs","status":"publish","type":"post","link":"https:\/\/www.fuldaernachrichten.de\/?p=161089","title":{"rendered":"Obstbaumschnittkurs"},"content":{"rendered":"<p>Am 01.04.2017 findet im Landschulheim Fischbach von 9:30 Uhr bis 13:00 Uhr ein \u201eObstbaumschnittkurs\u201c statt. Einem theoretischen Teil, bei dem auf der Grundlage der Wuchsgesetzte die g\u00e4ngigen Schnittma\u00dfnahmen vorgestellt und pflanzenphysiologisch erkl\u00e4rt werden, schie\u00dft sich ein praktischer Teil an. Dabei werden dann je drei Teilnehmer an einem Baum in der angrenzenden  Streuobstwiese  den Baumschnitt unter fachlicher  Anleitung durchf\u00fchren. Im Mittelpunkt stehen der Pflanz-, der Erziehungs- und der Verj\u00fcngungsschnitt.   Schnittwerkzeuge (Schere, S\u00e4ge, Schnur) sowie Schutzhandschuhe sind  mitzubringen.   Da die Teilnehmerzahl begrenzt ist(max. 25 Personen), ist eine Teilnahme nur nach telefonischer Voranmeldung unter Telefonnummer 036966\/81568 m\u00f6glich. Eine Fr\u00fchst\u00fccksversorgung  wird durch das Landschulheim gew\u00e4hrleistet. Ein Teilnahmezertifikat wird ausgestellt. In Abh\u00e4ngigkeit von den R\u00fcckmeldungen findet ein  weiterer Kurs  am 08.04. statt. Die Teilnehmergeb\u00fchr ist vor Ort zu errichten.<\/p>\n","protected":false},"excerpt":{"rendered":"<div class=\"tmnf_excerpt\"><p>Am 01.04.2017 findet im Landschulheim Fischbach von 9:30 Uhr bis 13:00 Uhr ein \u201eObstbaumschnittkurs\u201c statt. Einem theoretischen Teil, bei dem auf der Grundlage der Wuchsgesetzte die g\u00e4ngigen Schnittma\u00dfnahmen vorgestellt und pflanzenphysiologisch erkl\u00e4rt werden, schie\u00dft sich ein praktischer Teil an. Dabei werden dann je drei Teilnehmer an einem Baum in der angrenzenden Streuobstwiese den Baumschnitt unter &hellip;<\/p>\n<\/div>","protected":false},"author":1,"featured_media":161098,"comment_status":"closed","ping_status":"closed","sticky":false,"template":"","format":"standard","meta":{"footnotes":""},"categories":[1],"tags":[],"class_list":["post-161089","post","type-post","status-publish","format-standard","has-post-thumbnail","hentry","category-startseite"],"_links":{"self":[{"href":"https:\/\/www.fuldaernachrichten.de\/index.php?rest_route=\/wp\/v2\/posts\/161089","targetHints":{"allow":["GET"]}}],"collection":[{"href":"https:\/\/www.fuldaernachrichten.de\/index.php?rest_route=\/wp\/v2\/posts"}],"about":[{"href":"https:\/\/www.fuldaernachrichten.de\/index.php?rest_route=\/wp\/v2\/types\/post"}],"author":[{"embeddable":true,"href":"https:\/\/www.fuldaernachrichten.de\/index.php?rest_route=\/wp\/v2\/users\/1"}],"replies":[{"embeddable":true,"href":"https:\/\/www.fuldaernachrichten.de\/index.php?rest_route=%2Fwp%2Fv2%2Fcomments&post=161089"}],"version-history":[{"count":1,"href":"https:\/\/www.fuldaernachrichten.de\/index.php?rest_route=\/wp\/v2\/posts\/161089\/revisions"}],"predecessor-version":[{"id":161099,"href":"https:\/\/www.fuldaernachrichten.de\/index.php?rest_route=\/wp\/v2\/posts\/161089\/revisions\/161099"}],"wp:featuredmedia":[{"embeddable":true,"href":"https:\/\/www.fuldaernachrichten.de\/index.php?rest_route=\/wp\/v2\/media\/161098"}],"wp:attachment":[{"href":"https:\/\/www.fuldaernachrichten.de\/index.php?rest_route=%2Fwp%2Fv2%2Fmedia&parent=161089"}],"wp:term":[{"taxonomy":"category","embeddable":true,"href":"https:\/\/www.fuldaernachrichten.de\/index.php?rest_route=%2Fwp%2Fv2%2Fcategories&post=161089"},{"taxonomy":"post_tag","embeddable":true,"href":"https:\/\/www.fuldaernachrichten.de\/index.php?rest_route=%2Fwp%2Fv2%2Ftags&post=161089"}],"curies":[{"name":"wp","href":"https:\/\/api.w.org\/{rel}","templated":true}]}}