{"id":161079,"date":"2017-03-16T07:16:09","date_gmt":"2017-03-16T06:16:09","guid":{"rendered":"http:\/\/www.fuldaer-nachrichten.de\/?p=161079"},"modified":"2017-03-16T07:16:09","modified_gmt":"2017-03-16T06:16:09","slug":"wer-faehrt-mit-zur-musikmesse-frankfurt-sa-08-04-2017","status":"publish","type":"post","link":"https:\/\/www.fuldaernachrichten.de\/?p=161079","title":{"rendered":"Wer f\u00e4hrt mit zur \u201eMusikmesse Frankfurt\u201c Sa., 08.04.2017"},"content":{"rendered":"<p>Junge Leute im Alter von 14 bis 27 Jahren k\u00f6nnen am Samstag, dem 8. April, mit dem Jugendamt nach Frankfurt zur Musikmesse fahren.<\/p>\n<p>Die Musikmesse Frankfurt bietet einmal im Jahr die Chance, sich \u00fcber aktuelle Entwicklungen im Bereich der Musikindustrie zu informieren. Hier treffen sich Musiker, DJ\u00e2\u20ac\u02dcs und Musikbegeisterte, um sich \u00fcber die aktuellen Produktneuheiten rund um das Musizieren zu informieren. Daneben \u00fcberzeugt die Messe jedes Jahr durch ein attraktives Rahmenprogramm (Konzerte, Workshops etc.) F\u00fcr dieses Jahr ist ein neues Konzept der Messe vorgesehen. Man darf gespannt sein!<\/p>\n<p>Das Ganze kostet 16 Euro und beinhaltet An- und Abreise mit der Bahn und die Kosten f\u00fcr den Eintritt.<\/p>\n<p>Anmeldung und weitere Veranstaltungen unter www.vogelsbergkreis.feripro.de<\/p>\n","protected":false},"excerpt":{"rendered":"<div class=\"tmnf_excerpt\"><p>Junge Leute im Alter von 14 bis 27 Jahren k\u00f6nnen am Samstag, dem 8. April, mit dem Jugendamt nach Frankfurt zur Musikmesse fahren. Die Musikmesse Frankfurt bietet einmal im Jahr die Chance, sich \u00fcber aktuelle Entwicklungen im Bereich der Musikindustrie zu informieren. Hier treffen sich Musiker, DJ\u00e2\u20ac\u02dcs und Musikbegeisterte, um sich \u00fcber die aktuellen Produktneuheiten &hellip;<\/p>\n<\/div>","protected":false},"author":1,"featured_media":0,"comment_status":"closed","ping_status":"closed","sticky":false,"template":"","format":"standard","meta":{"footnotes":""},"categories":[1],"tags":[],"class_list":["post-161079","post","type-post","status-publish","format-standard","hentry","category-startseite"],"_links":{"self":[{"href":"https:\/\/www.fuldaernachrichten.de\/index.php?rest_route=\/wp\/v2\/posts\/161079","targetHints":{"allow":["GET"]}}],"collection":[{"href":"https:\/\/www.fuldaernachrichten.de\/index.php?rest_route=\/wp\/v2\/posts"}],"about":[{"href":"https:\/\/www.fuldaernachrichten.de\/index.php?rest_route=\/wp\/v2\/types\/post"}],"author":[{"embeddable":true,"href":"https:\/\/www.fuldaernachrichten.de\/index.php?rest_route=\/wp\/v2\/users\/1"}],"replies":[{"embeddable":true,"href":"https:\/\/www.fuldaernachrichten.de\/index.php?rest_route=%2Fwp%2Fv2%2Fcomments&post=161079"}],"version-history":[{"count":1,"href":"https:\/\/www.fuldaernachrichten.de\/index.php?rest_route=\/wp\/v2\/posts\/161079\/revisions"}],"predecessor-version":[{"id":161082,"href":"https:\/\/www.fuldaernachrichten.de\/index.php?rest_route=\/wp\/v2\/posts\/161079\/revisions\/161082"}],"wp:attachment":[{"href":"https:\/\/www.fuldaernachrichten.de\/index.php?rest_route=%2Fwp%2Fv2%2Fmedia&parent=161079"}],"wp:term":[{"taxonomy":"category","embeddable":true,"href":"https:\/\/www.fuldaernachrichten.de\/index.php?rest_route=%2Fwp%2Fv2%2Fcategories&post=161079"},{"taxonomy":"post_tag","embeddable":true,"href":"https:\/\/www.fuldaernachrichten.de\/index.php?rest_route=%2Fwp%2Fv2%2Ftags&post=161079"}],"curies":[{"name":"wp","href":"https:\/\/api.w.org\/{rel}","templated":true}]}}