{"id":161074,"date":"2017-03-16T07:17:30","date_gmt":"2017-03-16T06:17:30","guid":{"rendered":"http:\/\/www.fuldaer-nachrichten.de\/?p=161074"},"modified":"2017-03-16T07:17:30","modified_gmt":"2017-03-16T06:17:30","slug":"auf-den-spuren-von-martin-luther","status":"publish","type":"post","link":"https:\/\/www.fuldaernachrichten.de\/?p=161074","title":{"rendered":"Auf den Spuren von Martin Luther"},"content":{"rendered":"<p>Das neue Jahresmagazin Wanderbares Deutschland 2017 ist erschienen. Das Magazin bietet wieder spannende Themen und besondere Bildstrecken. Als Einstieg dient ein optischer Leckerbissen: \u201eDer Zauber unserer W\u00e4lder\u201c mit herausragenden Fotos des renommierte National-Geographic-Fotograf Kilian Sch\u00f6nberger.<\/p>\n<p>Ein weiterer H\u00f6hepunkte im Heft ist das Dossier \u201eDie Landschaft als Erlebnis\u201c \u2013 wie gelungene Inszenierungen den Reichtum einer Wanderregion sichtbar und erlebbar machen. Hier gibt es Antworten auf die Fragen, woher die Innovationskraft im Wandertourismus kommt und was modernes \u201eErlebnisraumdesign\u201c ist? F\u00fcr die Titelgeschichte war Chefredakteur Lutz Bormann unter anderem unterwegs in Th\u00fcringen auf den Spuren von Martin Luther.<\/p>\n<p>Dazu stellt Wanderbares Deutschland 2017 die sch\u00f6nsten Qualit\u00e4tsregionen und \u2013wege Deutschlands vor. Wie gewohnt, erz\u00e4hlen die Autoren auch wieder spannende Reportagen: Wie begeistert man Kinder f\u00fcr\u00e2\u20ac\u2122s Wandern, wie geht und bewegt man sich richtig im anspruchsvollen Gel\u00e4nde, wie wird man Wanderf\u00fchrer? Au\u00dferdem: Ein gro\u00dfer internationaler PhotoAward mit Gewinnen im Gesamtwert von 50.000 EUR und der \u201eTag des Wanderns\u201c am 14. Mai.<\/p>\n<p>Schlie\u00dflich gibt es eine 24-Seiten-Brosch\u00fcre \u00fcber die Leading Quality Trails &#8211; Best of Europe sowie eine Wanderkarte f\u00fcr die Allg\u00e4uer Wandertrilogie.<\/p>\n<p>144 Seiten kosten 5,90 Euro. Zu bekommen ist Wanderbares Deutschland 2017 unter www.wanderbares-deutschland.de, beim Deutschen Wanderverband, ab dem 22. M\u00e4rz am Kiosk und im Buchhandel.<\/p>\n","protected":false},"excerpt":{"rendered":"<div class=\"tmnf_excerpt\"><p>Das neue Jahresmagazin Wanderbares Deutschland 2017 ist erschienen. Das Magazin bietet wieder spannende Themen und besondere Bildstrecken. Als Einstieg dient ein optischer Leckerbissen: \u201eDer Zauber unserer W\u00e4lder\u201c mit herausragenden Fotos des renommierte National-Geographic-Fotograf Kilian Sch\u00f6nberger. Ein weiterer H\u00f6hepunkte im Heft ist das Dossier \u201eDie Landschaft als Erlebnis\u201c \u2013 wie gelungene Inszenierungen den Reichtum einer Wanderregion &hellip;<\/p>\n<\/div>","protected":false},"author":1,"featured_media":0,"comment_status":"closed","ping_status":"closed","sticky":false,"template":"","format":"standard","meta":{"footnotes":""},"categories":[1],"tags":[],"class_list":["post-161074","post","type-post","status-publish","format-standard","hentry","category-startseite"],"_links":{"self":[{"href":"https:\/\/www.fuldaernachrichten.de\/index.php?rest_route=\/wp\/v2\/posts\/161074","targetHints":{"allow":["GET"]}}],"collection":[{"href":"https:\/\/www.fuldaernachrichten.de\/index.php?rest_route=\/wp\/v2\/posts"}],"about":[{"href":"https:\/\/www.fuldaernachrichten.de\/index.php?rest_route=\/wp\/v2\/types\/post"}],"author":[{"embeddable":true,"href":"https:\/\/www.fuldaernachrichten.de\/index.php?rest_route=\/wp\/v2\/users\/1"}],"replies":[{"embeddable":true,"href":"https:\/\/www.fuldaernachrichten.de\/index.php?rest_route=%2Fwp%2Fv2%2Fcomments&post=161074"}],"version-history":[{"count":1,"href":"https:\/\/www.fuldaernachrichten.de\/index.php?rest_route=\/wp\/v2\/posts\/161074\/revisions"}],"predecessor-version":[{"id":161087,"href":"https:\/\/www.fuldaernachrichten.de\/index.php?rest_route=\/wp\/v2\/posts\/161074\/revisions\/161087"}],"wp:attachment":[{"href":"https:\/\/www.fuldaernachrichten.de\/index.php?rest_route=%2Fwp%2Fv2%2Fmedia&parent=161074"}],"wp:term":[{"taxonomy":"category","embeddable":true,"href":"https:\/\/www.fuldaernachrichten.de\/index.php?rest_route=%2Fwp%2Fv2%2Fcategories&post=161074"},{"taxonomy":"post_tag","embeddable":true,"href":"https:\/\/www.fuldaernachrichten.de\/index.php?rest_route=%2Fwp%2Fv2%2Ftags&post=161074"}],"curies":[{"name":"wp","href":"https:\/\/api.w.org\/{rel}","templated":true}]}}