{"id":161071,"date":"2017-03-16T07:15:54","date_gmt":"2017-03-16T06:15:54","guid":{"rendered":"http:\/\/www.fuldaer-nachrichten.de\/?p=161071"},"modified":"2017-03-16T07:15:54","modified_gmt":"2017-03-16T06:15:54","slug":"maedchen-selbstbehauptung-und-selbstverteidigung","status":"publish","type":"post","link":"https:\/\/www.fuldaernachrichten.de\/?p=161071","title":{"rendered":"\u201eM\u00e4dchen-Selbstbehauptung und Selbstverteidigung\u201c"},"content":{"rendered":"<p>In diesem Jahr bietet das Jugendamt erneut Selbstbehauptungskurse f\u00fcr M\u00e4dchen an, und zwar in der Altersgruppe 11 bis 13 Jahre. Das zweit\u00e4tige Seminar wird sich intensiv damit besch\u00e4ftigen, welche Bed\u00fcrfnisse ein Mensch hat und wie man es schafft, diese Bed\u00fcrfnisse anderen gegen\u00fcber mitzuteilen und zu vertreten. Der Termin: 3. und 4. April.<\/p>\n<p>Au\u00dferdem will die Gruppe gemeinsam herausfinden, wo eigene Grenzen und St\u00e4rken liegen und daran ankn\u00fcpfend Ideen entwickeln, was jede einzelne Teilnehmerin tun kann, wenn es ihr mal nicht so gut geht. Dar\u00fcber hinaus eignen sich die M\u00e4dchen w\u00e4hrend des Seminars Strategien zur Selbstbehauptung und Konfliktl\u00f6sung an, um in schwierigen Situationen gest\u00e4rkt handeln zu k\u00f6nnen. Hierbei werden vor allem Zusammenh\u00e4nge zwischen der eigenen K\u00f6rpersprache, dem Auftreten und der damit verbundenen Wirkung auf andere erarbeitet.<\/p>\n<p>Erstmals werden auch Strategien der Selbstverteidigung erlernt, um sich notfalls auch k\u00f6rperlich zur Wehr setzen zu k\u00f6nnen.<\/p>\n<p>Ort des Seminars ist der Flensunger Hof in M\u00fccke.<\/p>\n<p>Informationen gibt es hier: 0151-46757054. Anmeldung und weitere Veranstaltungen unter www.vogelsbergkreis.feripro.de<\/p>\n","protected":false},"excerpt":{"rendered":"<div class=\"tmnf_excerpt\"><p>In diesem Jahr bietet das Jugendamt erneut Selbstbehauptungskurse f\u00fcr M\u00e4dchen an, und zwar in der Altersgruppe 11 bis 13 Jahre. Das zweit\u00e4tige Seminar wird sich intensiv damit besch\u00e4ftigen, welche Bed\u00fcrfnisse ein Mensch hat und wie man es schafft, diese Bed\u00fcrfnisse anderen gegen\u00fcber mitzuteilen und zu vertreten. Der Termin: 3. und 4. April. Au\u00dferdem will die &hellip;<\/p>\n<\/div>","protected":false},"author":1,"featured_media":0,"comment_status":"closed","ping_status":"closed","sticky":false,"template":"","format":"standard","meta":{"footnotes":""},"categories":[1],"tags":[],"class_list":["post-161071","post","type-post","status-publish","format-standard","hentry","category-startseite"],"_links":{"self":[{"href":"https:\/\/www.fuldaernachrichten.de\/index.php?rest_route=\/wp\/v2\/posts\/161071","targetHints":{"allow":["GET"]}}],"collection":[{"href":"https:\/\/www.fuldaernachrichten.de\/index.php?rest_route=\/wp\/v2\/posts"}],"about":[{"href":"https:\/\/www.fuldaernachrichten.de\/index.php?rest_route=\/wp\/v2\/types\/post"}],"author":[{"embeddable":true,"href":"https:\/\/www.fuldaernachrichten.de\/index.php?rest_route=\/wp\/v2\/users\/1"}],"replies":[{"embeddable":true,"href":"https:\/\/www.fuldaernachrichten.de\/index.php?rest_route=%2Fwp%2Fv2%2Fcomments&post=161071"}],"version-history":[{"count":1,"href":"https:\/\/www.fuldaernachrichten.de\/index.php?rest_route=\/wp\/v2\/posts\/161071\/revisions"}],"predecessor-version":[{"id":161080,"href":"https:\/\/www.fuldaernachrichten.de\/index.php?rest_route=\/wp\/v2\/posts\/161071\/revisions\/161080"}],"wp:attachment":[{"href":"https:\/\/www.fuldaernachrichten.de\/index.php?rest_route=%2Fwp%2Fv2%2Fmedia&parent=161071"}],"wp:term":[{"taxonomy":"category","embeddable":true,"href":"https:\/\/www.fuldaernachrichten.de\/index.php?rest_route=%2Fwp%2Fv2%2Fcategories&post=161071"},{"taxonomy":"post_tag","embeddable":true,"href":"https:\/\/www.fuldaernachrichten.de\/index.php?rest_route=%2Fwp%2Fv2%2Ftags&post=161071"}],"curies":[{"name":"wp","href":"https:\/\/api.w.org\/{rel}","templated":true}]}}