{"id":161060,"date":"2017-03-16T07:12:31","date_gmt":"2017-03-16T06:12:31","guid":{"rendered":"http:\/\/www.fuldaer-nachrichten.de\/?p=161060"},"modified":"2017-03-16T07:12:31","modified_gmt":"2017-03-16T06:12:31","slug":"bildungsreise-madrid","status":"publish","type":"post","link":"https:\/\/www.fuldaernachrichten.de\/?p=161060","title":{"rendered":"Bildungsreise Madrid"},"content":{"rendered":"<p>Ohne Job, ohne Hoffnung, ohne Perspektive- Jugendarbeitslosigkeit in Europa. Ein attraktives Programm erwartet die Teilnehmenden der Bildungsreise nach Madrid vom 25.05.-29.05.2017<\/p>\n<p>Seit Jahren ist die Jugendarbeitslosigkeit in Spanien die h\u00f6chste in Europa. Es wird von einer verlorenen Generation gesprochen, die von Zukunfts\u00e4ngsten geplagt wird und nicht lernt, einem geregelten Arbeitsverh\u00e4ltnis nachzugehen. Wie kommt das? Welche Ma\u00dfnahmen werden ergriffen, um dies zu ver\u00e4ndern? Wie geht es jungen Menschen, die keinen Job oder keine Ausbildung finden? Gemeinsam wollen wir in Madrid \u00fcber das Thema diskutieren und mit Organisationen vor Ort dar\u00fcber sprechen. Die Reise kostet f\u00fcr Teilnehmende bis 28 Jahren 391 \u00e2\u201a\u00ac und f\u00fcr Teilnehmende \u00fcber 28 Jahren 584 \u00e2\u201a\u00ac. Im Reisepreis inbegriffen ist der Flug mit Lufthansa, Unterkunft in einem Hostel mit Fr\u00fchst\u00fcck sowie alle Kosten f\u00fcr das Programm. Dar\u00fcber hinaus bieten wir auch Unterst\u00fctzungsm\u00f6glichkeiten bei der Finanzierung an.<\/p>\n<p>Weitere Informationen und Anmeldung im BDKJ Di\u00f6zesanb\u00fcro (Tel. 0661.87-395) oder unter www.bdkj-fulda.de. Anmeldeschluss ist der 22.03.2017.<\/p>\n","protected":false},"excerpt":{"rendered":"<div class=\"tmnf_excerpt\"><p>Ohne Job, ohne Hoffnung, ohne Perspektive- Jugendarbeitslosigkeit in Europa. Ein attraktives Programm erwartet die Teilnehmenden der Bildungsreise nach Madrid vom 25.05.-29.05.2017 Seit Jahren ist die Jugendarbeitslosigkeit in Spanien die h\u00f6chste in Europa. Es wird von einer verlorenen Generation gesprochen, die von Zukunfts\u00e4ngsten geplagt wird und nicht lernt, einem geregelten Arbeitsverh\u00e4ltnis nachzugehen. Wie kommt das? Welche &hellip;<\/p>\n<\/div>","protected":false},"author":1,"featured_media":0,"comment_status":"closed","ping_status":"closed","sticky":false,"template":"","format":"standard","meta":{"footnotes":""},"categories":[1],"tags":[],"class_list":["post-161060","post","type-post","status-publish","format-standard","hentry","category-startseite"],"_links":{"self":[{"href":"https:\/\/www.fuldaernachrichten.de\/index.php?rest_route=\/wp\/v2\/posts\/161060","targetHints":{"allow":["GET"]}}],"collection":[{"href":"https:\/\/www.fuldaernachrichten.de\/index.php?rest_route=\/wp\/v2\/posts"}],"about":[{"href":"https:\/\/www.fuldaernachrichten.de\/index.php?rest_route=\/wp\/v2\/types\/post"}],"author":[{"embeddable":true,"href":"https:\/\/www.fuldaernachrichten.de\/index.php?rest_route=\/wp\/v2\/users\/1"}],"replies":[{"embeddable":true,"href":"https:\/\/www.fuldaernachrichten.de\/index.php?rest_route=%2Fwp%2Fv2%2Fcomments&post=161060"}],"version-history":[{"count":1,"href":"https:\/\/www.fuldaernachrichten.de\/index.php?rest_route=\/wp\/v2\/posts\/161060\/revisions"}],"predecessor-version":[{"id":161065,"href":"https:\/\/www.fuldaernachrichten.de\/index.php?rest_route=\/wp\/v2\/posts\/161060\/revisions\/161065"}],"wp:attachment":[{"href":"https:\/\/www.fuldaernachrichten.de\/index.php?rest_route=%2Fwp%2Fv2%2Fmedia&parent=161060"}],"wp:term":[{"taxonomy":"category","embeddable":true,"href":"https:\/\/www.fuldaernachrichten.de\/index.php?rest_route=%2Fwp%2Fv2%2Fcategories&post=161060"},{"taxonomy":"post_tag","embeddable":true,"href":"https:\/\/www.fuldaernachrichten.de\/index.php?rest_route=%2Fwp%2Fv2%2Ftags&post=161060"}],"curies":[{"name":"wp","href":"https:\/\/api.w.org\/{rel}","templated":true}]}}