{"id":161059,"date":"2017-03-16T07:13:41","date_gmt":"2017-03-16T06:13:41","guid":{"rendered":"http:\/\/www.fuldaer-nachrichten.de\/?p=161059"},"modified":"2017-03-16T07:13:41","modified_gmt":"2017-03-16T06:13:41","slug":"sportfest-der-foerderschulen-in-grossenlueder","status":"publish","type":"post","link":"https:\/\/www.fuldaernachrichten.de\/?p=161059","title":{"rendered":"Sportfest der F\u00f6rderschulen in Gro\u00dfenl\u00fcder"},"content":{"rendered":"<p>Bereits zum 3. Mal richtete die Friedrich- von- Bodelschwingh- Schule in Gro\u00dfenl\u00fcder das Sportfest der F\u00f6rderschulen aus und lud Sch\u00fclerinnen und Sch\u00fcler der umliegenden F\u00f6rderschulen des Landkreises Fulda zu einem sportreichen Tag ein.<\/p>\n<p>In drei verschiedenen Kategorien traten die Sch\u00fclerinnen und Sch\u00fcler der Christian-Andersen-Schule aus H\u00fcnfeld, der Albert-Schweitzer-Schule aus Neuhof, der Br\u00fcder-Grimm-Schule aus Fulda, der Anne-Frank-Schule aus Gersfeld, der Erich-K\u00e4stner-Schule aus Hilders und der Gastgeberschule, der Friedrich-von-Bodelschwingh-Schule, gegeneinander an. <\/p>\n<p>Die Sch\u00fclerinnen und Sch\u00fcler der Berufsorientierungsstufen lieferten sich unter anfeuernden Zuschauern spannende Duelle im Fu\u00dfball und die Sch\u00fclerinnen und Sch\u00fcler der Mittelstufen im V\u00f6lkerball. Dabei sollte jedoch nicht der Wettkampf, sondern vor allem die Freude an Bewegung und die Wirkung von Zusammenhalt und Teamgeist im Vordergrund stehen.<br \/>\nIn 4er-Teams absolvierten die kleinen Sportlerinnen und Sportler der Grundstufenklassen erfolgreich verschiedene Einzeldisziplinen wie dem Ballweitwurf, dem Standweitsprung oder der Hindernisstaffel. <\/p>\n<p>F\u00fcr das leibliche Wohl sorgten die Sch\u00fclerinnen und Sch\u00fcler der Berufsorientierungsstufe der Gastgeberschule. Mit hei\u00dfen W\u00fcrstchen, Kuchen und gesponsorten \u00c4pfeln und Bananen der Firma Tegut konnten sich alle Sportlerinnen und Sportler in den Spielpausen st\u00e4rken.<\/p>\n<p>Als Sieger konnten beim Fu\u00dfball die Br\u00fcder-Grimm-Schule aus Fulda und beim V\u00f6lkerball die Christian-Andersen-Schule aus H\u00fcnfeld gek\u00fcrt werden. Mit einer feierlichen Urkunden\u00fcbergabe f\u00fcr alle Schulen endete gegen 11:30Uhr das Sportfest.<\/p>\n","protected":false},"excerpt":{"rendered":"<div class=\"tmnf_excerpt\"><p>Bereits zum 3. Mal richtete die Friedrich- von- Bodelschwingh- Schule in Gro\u00dfenl\u00fcder das Sportfest der F\u00f6rderschulen aus und lud Sch\u00fclerinnen und Sch\u00fcler der umliegenden F\u00f6rderschulen des Landkreises Fulda zu einem sportreichen Tag ein. In drei verschiedenen Kategorien traten die Sch\u00fclerinnen und Sch\u00fcler der Christian-Andersen-Schule aus H\u00fcnfeld, der Albert-Schweitzer-Schule aus Neuhof, der Br\u00fcder-Grimm-Schule aus Fulda, der &hellip;<\/p>\n<\/div>","protected":false},"author":1,"featured_media":0,"comment_status":"closed","ping_status":"closed","sticky":false,"template":"","format":"standard","meta":{"footnotes":""},"categories":[1],"tags":[],"class_list":["post-161059","post","type-post","status-publish","format-standard","hentry","category-startseite"],"_links":{"self":[{"href":"https:\/\/www.fuldaernachrichten.de\/index.php?rest_route=\/wp\/v2\/posts\/161059","targetHints":{"allow":["GET"]}}],"collection":[{"href":"https:\/\/www.fuldaernachrichten.de\/index.php?rest_route=\/wp\/v2\/posts"}],"about":[{"href":"https:\/\/www.fuldaernachrichten.de\/index.php?rest_route=\/wp\/v2\/types\/post"}],"author":[{"embeddable":true,"href":"https:\/\/www.fuldaernachrichten.de\/index.php?rest_route=\/wp\/v2\/users\/1"}],"replies":[{"embeddable":true,"href":"https:\/\/www.fuldaernachrichten.de\/index.php?rest_route=%2Fwp%2Fv2%2Fcomments&post=161059"}],"version-history":[{"count":1,"href":"https:\/\/www.fuldaernachrichten.de\/index.php?rest_route=\/wp\/v2\/posts\/161059\/revisions"}],"predecessor-version":[{"id":161069,"href":"https:\/\/www.fuldaernachrichten.de\/index.php?rest_route=\/wp\/v2\/posts\/161059\/revisions\/161069"}],"wp:attachment":[{"href":"https:\/\/www.fuldaernachrichten.de\/index.php?rest_route=%2Fwp%2Fv2%2Fmedia&parent=161059"}],"wp:term":[{"taxonomy":"category","embeddable":true,"href":"https:\/\/www.fuldaernachrichten.de\/index.php?rest_route=%2Fwp%2Fv2%2Fcategories&post=161059"},{"taxonomy":"post_tag","embeddable":true,"href":"https:\/\/www.fuldaernachrichten.de\/index.php?rest_route=%2Fwp%2Fv2%2Ftags&post=161059"}],"curies":[{"name":"wp","href":"https:\/\/api.w.org\/{rel}","templated":true}]}}