{"id":161058,"date":"2017-03-16T07:12:04","date_gmt":"2017-03-16T06:12:04","guid":{"rendered":"http:\/\/www.fuldaer-nachrichten.de\/?p=161058"},"modified":"2017-03-16T07:12:04","modified_gmt":"2017-03-16T06:12:04","slug":"erfolgreiche-ausstellungseroeffnung-von-und-mit-bernd-baldus-im-altstadthotel-arte","status":"publish","type":"post","link":"https:\/\/www.fuldaernachrichten.de\/?p=161058","title":{"rendered":"Erfolgreiche Ausstellungser\u00f6ffnung von und mit Bernd Baldus im Altstadthotel Arte"},"content":{"rendered":"<p>Kunst, Lieder und Lyrik \u2013 Bernd Baldus bot bei der Er\u00f6ffnungsfeier seiner Kunstausstellung \u201eGreatest Hits &#038; Unentdecktes\u201c ein grosses Repertoire seines k\u00fcnstlerischen und musikalischen K\u00f6nnens.\u00e2\u20ac\u00a8\u00e2\u20ac\u00a8Vor zahlreichen G\u00e4sten sprach Kuratorin Dana Kindler vom Altstadthotel Arte in ihrer Er\u00f6ffnungsrede davon, dass sie sich pers\u00f6nlich besonders freue in den kommenden 2,5 Monaten nun auch Exponate von Baldus ausstellen zu d\u00fcrfen. Sie selbst sei ein grosser Fan seiner Arbeiten und seines sozialen Engagements, das er durch seine zahlreichen Projekte wie zum Beispiel der Leitung der kunsttherapeutischen Senioren-Malgruppe im Pflegestift Mediana oder als Kurator der Tanner Diakonie immer wieder unter Beweis stellt. Die Ausstellung \u201eGreatest Hits &#038; Unentdecktes\u201c zeige seine eigens von Dana Kindler ausgesuchten Klassiker aus dem Bereich Satire, der Blues Serie und mehr sowie aber auch \u00fcberraschend Unentdecktes aus seinem Atelier. \u00e2\u20ac\u00a8\u00e2\u20ac\u00a8Im Anschluss hielt Elmar Hegmann, Leiter des jungen Kunstkreises H\u00fcnfeld, die Laudatio. Er sprach von Baldus Liebe zum Blues und erz\u00e4hlte interessante Anekdoten aus dem Leben des K\u00fcnstlers. Unter anderem erfuhren die Zuh\u00f6rer, dass die bekannte Blues Serie mehr oder weniger durch einen Zufall entstanden sei. Baldus hatte durch eine Fehllieferung bei einer Farbbestellung f\u00fcnf Tuben Indigoblau erhalten, f\u00fcr die er eigentlich keine Verwendung hatte, sondern erst eine schaffe musste.<\/p>\n<p>Nach der offiziellen Er\u00f6ffnung gab Bernd Baldus ein Konzert unter anderem mit St\u00fccken aus seiner aktuellen CD \u201eGestern wie heute \u2013 Lieder und Lyrik\u201c, die im Atelier Baldus und dem Studio Br\u00fccken Ton in Zusammenarbeit mit Frank Tischer und Mike Jehn entstanden ist. Baldus interpretiert darauf Werke von K\u00e4stner bis Dylan und von Busch bis Degenhardt. \u00e2\u20ac\u00a8\u00e2\u20ac\u00a8Die sehenswerte Ausstellung k\u00f6nnen Interessierte noch bis zum 17. Mai 2017 t\u00e4glich von 06:00 \u2013 22:00 Uhr kostenlos im Erdgeschoss des Altstadthotel Artes in der Innenstadt Fuldas besichtigen. \u00e2\u20ac\u00a8Die CD sowie Kunstpostkarten des K\u00fcnstlers werden an der Rezeption zum Verkauf angeboten. \u00e2\u20ac\u00a8Der gesamte Erl\u00f6s wird an den K\u00fcnstler weitergegeben.\u00e2\u20ac\u00a8\u00e2\u20ac\u00a8<\/p>\n","protected":false},"excerpt":{"rendered":"<div class=\"tmnf_excerpt\"><p>Kunst, Lieder und Lyrik \u2013 Bernd Baldus bot bei der Er\u00f6ffnungsfeier seiner Kunstausstellung \u201eGreatest Hits &#038; Unentdecktes\u201c ein grosses Repertoire seines k\u00fcnstlerischen und musikalischen K\u00f6nnens.\u00e2\u20ac\u00a8\u00e2\u20ac\u00a8Vor zahlreichen G\u00e4sten sprach Kuratorin Dana Kindler vom Altstadthotel Arte in ihrer Er\u00f6ffnungsrede davon, dass sie sich pers\u00f6nlich besonders freue in den kommenden 2,5 Monaten nun auch Exponate von Baldus ausstellen &hellip;<\/p>\n<\/div>","protected":false},"author":1,"featured_media":0,"comment_status":"closed","ping_status":"closed","sticky":false,"template":"","format":"standard","meta":{"footnotes":""},"categories":[1],"tags":[],"class_list":["post-161058","post","type-post","status-publish","format-standard","hentry","category-startseite"],"_links":{"self":[{"href":"https:\/\/www.fuldaernachrichten.de\/index.php?rest_route=\/wp\/v2\/posts\/161058","targetHints":{"allow":["GET"]}}],"collection":[{"href":"https:\/\/www.fuldaernachrichten.de\/index.php?rest_route=\/wp\/v2\/posts"}],"about":[{"href":"https:\/\/www.fuldaernachrichten.de\/index.php?rest_route=\/wp\/v2\/types\/post"}],"author":[{"embeddable":true,"href":"https:\/\/www.fuldaernachrichten.de\/index.php?rest_route=\/wp\/v2\/users\/1"}],"replies":[{"embeddable":true,"href":"https:\/\/www.fuldaernachrichten.de\/index.php?rest_route=%2Fwp%2Fv2%2Fcomments&post=161058"}],"version-history":[{"count":1,"href":"https:\/\/www.fuldaernachrichten.de\/index.php?rest_route=\/wp\/v2\/posts\/161058\/revisions"}],"predecessor-version":[{"id":161064,"href":"https:\/\/www.fuldaernachrichten.de\/index.php?rest_route=\/wp\/v2\/posts\/161058\/revisions\/161064"}],"wp:attachment":[{"href":"https:\/\/www.fuldaernachrichten.de\/index.php?rest_route=%2Fwp%2Fv2%2Fmedia&parent=161058"}],"wp:term":[{"taxonomy":"category","embeddable":true,"href":"https:\/\/www.fuldaernachrichten.de\/index.php?rest_route=%2Fwp%2Fv2%2Fcategories&post=161058"},{"taxonomy":"post_tag","embeddable":true,"href":"https:\/\/www.fuldaernachrichten.de\/index.php?rest_route=%2Fwp%2Fv2%2Ftags&post=161058"}],"curies":[{"name":"wp","href":"https:\/\/api.w.org\/{rel}","templated":true}]}}