{"id":161057,"date":"2017-03-16T07:11:24","date_gmt":"2017-03-16T06:11:24","guid":{"rendered":"http:\/\/www.fuldaer-nachrichten.de\/?p=161057"},"modified":"2017-03-16T07:11:24","modified_gmt":"2017-03-16T06:11:24","slug":"familie-vey-und-atzertweber-investieren-kraeftig-in-den-standort-brueckenauer-strasse","status":"publish","type":"post","link":"https:\/\/www.fuldaernachrichten.de\/?p=161057","title":{"rendered":"Familie Vey und atzert:weber investieren kr\u00e4ftig in den Standort Br\u00fcckenauer Stra\u00dfe"},"content":{"rendered":"<p>Komplettumbau zu \u00c5\u00a0KODA-Autohaus \/ Stammhaus \u00fcbernimmt Werkstattservice w\u00e4hrend der Umbauphase<br \/>\nModern, elegant und vor allem mit viel Verkaufsfl\u00e4che: So m\u00f6chte sich ab 2018 das Autohaus der atzert:weber-Gruppe in der Br\u00fcckenauer Stra\u00dfe in Schl\u00fcchtern seinen Kunden pr\u00e4sentieren. Das ehemalige Autohaus Mader &#038; Vey wird daher ab 1. April 2017 f\u00fcr mehrere Monate geschlossen und komplett umgebaut. Werkstatt- und Servicearbeiten finden vor\u00fcbergehend im Autohaus Schl\u00fcchtern von atzert:weber, in der Alten Bahnhofstra\u00dfe 20, statt. Veranstaltungen f\u00fcr Stammkunden flankieren den Umbaustart.<\/p>\n<p>Wer mit Fahrzeugen gro\u00dfer Marken wie Volkswagen, Audi oder \u00c5\u00a0KODA handeln m\u00f6chte, muss die Anspr\u00fcche der Kunden an ein modernes Autohaus erf\u00fcllen. Dazu geh\u00f6rt auch die Innen- und Au\u00dfenarchitektur von Verkaufsgeb\u00e4uden nach Vorgabe der Hersteller. Um die frisch in die atzert:weber-Gruppe integrierte Filiale in der Br\u00fcckenauer Stra\u00dfe in Schl\u00fcchtern fit f\u00fcr die Zukunft zu machen, wird das Geb\u00e4ude umfangreich umgebaut und auf den neuesten Standard von \u00c5\u00a0KODA angepasst. Stefan Vey erkl\u00e4rt: \u201eDie st\u00e4ndig wachsenden technischen Herausforderungen der Hersteller und die stetig wachsenden Anspr\u00fcche der Kunden an den Service und Handelsplatz werden es in Zukunft unumg\u00e4nglich machen, spezialisierte auf die einzelne Marken zugeschnittene Betriebe zu haben, um diese Herausforderungen mit einer hohen Kundenzufriedenheit zu gew\u00e4hrleiten. Daher sind wir froh, diese ab 2018 auch in der Br\u00fcckenauer Strasse umsetzen zu k\u00f6nnen.\u201c<\/p>\n<p>\u201eDie Aufnahme von Mader &#038; Vey in unser Familienunternehmen war bisher sehr erfolgreich\u201c, berichtet Andreas W\u00e4tjen, Gesch\u00e4ftsf\u00fchrender Prokurist bei atzert:weber in Schl\u00fcchtern. \u201eJetzt geht es darum, die Betriebe in Schl\u00fcchtern f\u00fcr die Zukunft zu etablieren und noch st\u00e4rker an den Bed\u00fcrfnissen und W\u00fcnschen der Kunden auszurichten. Da ist ein Komplettumbau unumg\u00e4nglich.\u201c Geplant ist ein Teilabriss des bestehenden Geb\u00e4udes, um einen Ausstellungsraum zu integrieren. Vom Boden bis zur Decke wird alles renoviert und modernisiert.<\/p>\n<p>Umzug der Werkstatt zum 1. April 2017<br \/>\nUm die Umbauphase f\u00fcr Kunden und Mitarbeiter so angenehm wie m\u00f6glich zu gestalten, schlie\u00dft die Filiale f\u00fcr rund neun Monate komplett ihre T\u00fcren. Doch keine Sorge: F\u00fcr die Zeit des Umbaus steht den Kunden ab 1. April 2017 f\u00fcr alle Servicearbeiten das Autohaus Schl\u00fcchtern in der Alten Bahnhofstra\u00dfe 20 zur Verf\u00fcgung. Hier wartet das komplette Mitarbeiterteam aus der Br\u00fcckenauer Stra\u00dfe \u2013 vom Monteur bis zum Chef Stefan Vey: \u201eIch freue mich, dass es mit unseren Pl\u00e4nen vorangeht und kann es kaum erwarten, unsere Kunden in den neuen R\u00e4umen zu begr\u00fc\u00dfen. Ich selbst werde mich ab dem 1. April 2017 intensiv in die Marke \u00c5\u00a0KODA einarbeiten \u2013 vorerst in der Alten Bahnhofstra\u00dfe und nach Fertigstellung des Umbaus gemeinsam mit meinem Verkaufs- und Serviceteam wieder in die Br\u00fcckenauer Stra\u00dfe\u201c, berichtet der Filialleiter.<br \/>\nAls Dankesch\u00f6n f\u00fcr die Treue und das Verst\u00e4ndnis ihrer Kunden laden die Familien Atzert und Weber alle Schl\u00fcchterner zu eine Veranstaltungen ein: Am Freitag, 24. M\u00e4rz 2017, gibt es ab 19:00 Uhr einen Informationsveranstaltung zum Thema \u201eFit f\u00fcr die Zukunft\u201c in der Br\u00fcckenauer Stra\u00dfe 44. Geplant sind Impulsvortr\u00e4ge mit Podiumsdiskussion zu Themen wie Stadtentwicklung, Autohandel oder Work-Life-Balance. Interessenten f\u00fcr den Informationsabend am 24. M\u00e4rz 2017 sind herzlich eingeladen, sich per Mail unter marketing@atzert-weber.de anzumelden.<\/p>\n<p>BU: Andreas W\u00e4tjen (Gesch\u00e4ftsf\u00fchrender Prokurist Autohaus Schl\u00fcchtern), Stefan Vey (Filialleiter), mit Philipp Atzert (Gesch\u00e4ftsf\u00fchrer atzert:weber Holding)<\/p>\n","protected":false},"excerpt":{"rendered":"<div class=\"tmnf_excerpt\"><p>Komplettumbau zu \u00c5\u00a0KODA-Autohaus \/ Stammhaus \u00fcbernimmt Werkstattservice w\u00e4hrend der Umbauphase Modern, elegant und vor allem mit viel Verkaufsfl\u00e4che: So m\u00f6chte sich ab 2018 das Autohaus der atzert:weber-Gruppe in der Br\u00fcckenauer Stra\u00dfe in Schl\u00fcchtern seinen Kunden pr\u00e4sentieren. Das ehemalige Autohaus Mader &#038; Vey wird daher ab 1. April 2017 f\u00fcr mehrere Monate geschlossen und komplett umgebaut. &hellip;<\/p>\n<\/div>","protected":false},"author":1,"featured_media":161062,"comment_status":"closed","ping_status":"closed","sticky":false,"template":"","format":"standard","meta":{"footnotes":""},"categories":[1],"tags":[],"class_list":["post-161057","post","type-post","status-publish","format-standard","has-post-thumbnail","hentry","category-startseite"],"_links":{"self":[{"href":"https:\/\/www.fuldaernachrichten.de\/index.php?rest_route=\/wp\/v2\/posts\/161057","targetHints":{"allow":["GET"]}}],"collection":[{"href":"https:\/\/www.fuldaernachrichten.de\/index.php?rest_route=\/wp\/v2\/posts"}],"about":[{"href":"https:\/\/www.fuldaernachrichten.de\/index.php?rest_route=\/wp\/v2\/types\/post"}],"author":[{"embeddable":true,"href":"https:\/\/www.fuldaernachrichten.de\/index.php?rest_route=\/wp\/v2\/users\/1"}],"replies":[{"embeddable":true,"href":"https:\/\/www.fuldaernachrichten.de\/index.php?rest_route=%2Fwp%2Fv2%2Fcomments&post=161057"}],"version-history":[{"count":1,"href":"https:\/\/www.fuldaernachrichten.de\/index.php?rest_route=\/wp\/v2\/posts\/161057\/revisions"}],"predecessor-version":[{"id":161063,"href":"https:\/\/www.fuldaernachrichten.de\/index.php?rest_route=\/wp\/v2\/posts\/161057\/revisions\/161063"}],"wp:featuredmedia":[{"embeddable":true,"href":"https:\/\/www.fuldaernachrichten.de\/index.php?rest_route=\/wp\/v2\/media\/161062"}],"wp:attachment":[{"href":"https:\/\/www.fuldaernachrichten.de\/index.php?rest_route=%2Fwp%2Fv2%2Fmedia&parent=161057"}],"wp:term":[{"taxonomy":"category","embeddable":true,"href":"https:\/\/www.fuldaernachrichten.de\/index.php?rest_route=%2Fwp%2Fv2%2Fcategories&post=161057"},{"taxonomy":"post_tag","embeddable":true,"href":"https:\/\/www.fuldaernachrichten.de\/index.php?rest_route=%2Fwp%2Fv2%2Ftags&post=161057"}],"curies":[{"name":"wp","href":"https:\/\/api.w.org\/{rel}","templated":true}]}}