{"id":161042,"date":"2017-03-16T06:14:59","date_gmt":"2017-03-16T05:14:59","guid":{"rendered":"http:\/\/www.fuldaer-nachrichten.de\/?p=161042"},"modified":"2017-03-15T07:15:39","modified_gmt":"2017-03-15T06:15:39","slug":"landrat-goerig-grosssporthalle-alsfeld-erhaelt-ein-komplett-neues-dach","status":"publish","type":"post","link":"https:\/\/www.fuldaernachrichten.de\/?p=161042","title":{"rendered":"Landrat G\u00f6rig: Gro\u00dfsporthalle Alsfeld erh\u00e4lt ein komplett neues Dach"},"content":{"rendered":"<p>Umfangreiche Bauma\u00dfnahme kommt ab Fr\u00fchjahr 2018 \u2013 Vereine und Schulen werden \u201emit langem Vorlauf\u201c in die Planungen einbezogen<\/p>\n<p>\u201eDie Untersuchungen zur Bauausf\u00fchrung der bereits f\u00fcr dieses Jahr vorgesehenen Dachreparatur haben ergeben: eine Reparatur reicht nicht aus, sondern das Dach der Gro\u00dfsporthalle in Alsfeld muss komplett saniert werden.\u201c Dies teilt Landrat Manfred G\u00f6rig (SPD) in einer Presseerkl\u00e4rung mit.<\/p>\n<p>Der Brandschutz und die D\u00e4mmung m\u00fcsse zukunftsorientiert gew\u00e4hrleistet werden \u2013 dies k\u00f6nne nur durch eine Komplettsanierung erreicht werden, erl\u00e4utert der Schuldezernent. Zudem verlangen die Arbeitsschutz-Bestimmungen w\u00e4hrend des Baues eine Absicherung im Inneren der Halle, wenn \u2013 wie nun vorgesehen \u2013 auch die Unterdecke und die D\u00e4mmung mit saniert werden muss. Das macht die gesamte Halle f\u00fcr die Zeit des Baues nicht benutzbar.<\/p>\n<p>Der Landrat geht davon aus, dass die Bauma\u00dfnahme im Fr\u00fchjahr 2018 begonnen wird und dann etwa f\u00fcnf Monate dauern wird, wobei die Sommerferien 2018 in diesem Zeitraum einbezogen werden sollen.<\/p>\n<p>Durch die angestrebte Komplettsanierung des Daches werden die f\u00fcr dieses Jahr eigentlich vorgesehenen 600.000 Euro aus dem Kommunalen Investitionsprogramms (KIP) nicht ausreichen. Diese Mittel k\u00f6nnen \u00fcbertragen werden aufs n\u00e4chste Jahr. Durch den nun genehmigten Doppelhaushalt sei man in der Lage, zus\u00e4tzlich n\u00f6tig werdende Finanzmittel im Haushalt 2018 aufzubringen, so Landrat G\u00f6rig.<\/p>\n<p>Die umfangreichen Untersuchungen der Materialpr\u00fcfanstalt Leipzig haben ergeben: Der erforderliche Brandschutz und die n\u00f6tige neue D\u00e4mmung funktionieren nur mit einem komplett neuen Dach. \u201eAlso macht es Sinn\u201c, so der Landrat, \u201enun eine komplette Sanierung vorzunehmen und das Dach auf den neuesten Stand der Technik zu bringen.\u201c<\/p>\n<p>Die nunmehr erforderliche Komplettsanierung des Daches hat starke Auswirkungen auf den Spielbetrieb der vielen Vereine und der Schulen in Alsfeld. Bisher war man davon ausgegangen, dass \u201eoben das Dach repariert wird und unten der Spielbetrieb weitergeht\u201c, so G\u00f6rig. Aber das ist aus Arbeitsschutzgr\u00fcnden beim Austausch aller Materialen nicht mehr m\u00f6glich.<\/p>\n<p>Es sei sinnvoll, sich nun \u2013 mit einem Jahr Vorplanungszeit \u2013 rechtzeitig und ohne Zeitnot im Dialog mit den Vereinen und den Schulen auf eine Sperrung der Halle f\u00fcr eine Dauer von etwa f\u00fcnf Monaten einzustellen. Denn eine Sperrung der Halle k\u00f6nne nicht vermieden werden, weil der Arbeitsschutz f\u00fcr einen normgerechten R\u00fcckbau der jetzigen Materialien eine Absicherung mit einen \u201eInnen-Ger\u00fcst\u201c im Inneren der Halle zwingend vorschreibe. Dies w\u00e4re bei der zun\u00e4chst vorgesehenen \u201eReparatur von oben, also nur von au\u00dfen\u201c nicht notwendig gewesen. Klar ist, so der Landrat: \u201eDie Sommerferien werden f\u00fcr das Projekt nicht ausreichen \u2013 sie werden aber gro\u00dfer Bestandteil der n\u00f6tigen Sperrungszeit sein.\u201c<\/p>\n<p>Der Landrat bittet schon jetzt die Vereine um Verst\u00e4ndnis f\u00fcr die Einschr\u00e4nkungen ab Fr\u00fchjahr 2018. Planungen k\u00f6nnten nun jedoch mit gro\u00dfem Vorlauf mit der Liegenschaftsverwaltung des Kreises in Ruhe besprochen werden, so Landrat G\u00f6rig.<\/p>\n<p>Dar\u00fcber hinaus gibt in der direkten Nachbarschaft &#8211; beim Freibad der Stadt Alsfeld \u2013 einen eigenen Sanierungsbedarf, \u201eder vern\u00fcnftigerweise mit den Bauma\u00dfnahmen der Gro\u00dfsporthalle synchronisiert werden sollte. Kreis und Stadt wollen hierbei zusammenarbeiten\u201c, stellt Landrat G\u00f6rig heraus.<\/p>\n","protected":false},"excerpt":{"rendered":"<div class=\"tmnf_excerpt\"><p>Umfangreiche Bauma\u00dfnahme kommt ab Fr\u00fchjahr 2018 \u2013 Vereine und Schulen werden \u201emit langem Vorlauf\u201c in die Planungen einbezogen \u201eDie Untersuchungen zur Bauausf\u00fchrung der bereits f\u00fcr dieses Jahr vorgesehenen Dachreparatur haben ergeben: eine Reparatur reicht nicht aus, sondern das Dach der Gro\u00dfsporthalle in Alsfeld muss komplett saniert werden.\u201c Dies teilt Landrat Manfred G\u00f6rig (SPD) in einer &hellip;<\/p>\n<\/div>","protected":false},"author":1,"featured_media":0,"comment_status":"closed","ping_status":"closed","sticky":false,"template":"","format":"standard","meta":{"footnotes":""},"categories":[1],"tags":[],"class_list":["post-161042","post","type-post","status-publish","format-standard","hentry","category-startseite"],"_links":{"self":[{"href":"https:\/\/www.fuldaernachrichten.de\/index.php?rest_route=\/wp\/v2\/posts\/161042","targetHints":{"allow":["GET"]}}],"collection":[{"href":"https:\/\/www.fuldaernachrichten.de\/index.php?rest_route=\/wp\/v2\/posts"}],"about":[{"href":"https:\/\/www.fuldaernachrichten.de\/index.php?rest_route=\/wp\/v2\/types\/post"}],"author":[{"embeddable":true,"href":"https:\/\/www.fuldaernachrichten.de\/index.php?rest_route=\/wp\/v2\/users\/1"}],"replies":[{"embeddable":true,"href":"https:\/\/www.fuldaernachrichten.de\/index.php?rest_route=%2Fwp%2Fv2%2Fcomments&post=161042"}],"version-history":[{"count":1,"href":"https:\/\/www.fuldaernachrichten.de\/index.php?rest_route=\/wp\/v2\/posts\/161042\/revisions"}],"predecessor-version":[{"id":161043,"href":"https:\/\/www.fuldaernachrichten.de\/index.php?rest_route=\/wp\/v2\/posts\/161042\/revisions\/161043"}],"wp:attachment":[{"href":"https:\/\/www.fuldaernachrichten.de\/index.php?rest_route=%2Fwp%2Fv2%2Fmedia&parent=161042"}],"wp:term":[{"taxonomy":"category","embeddable":true,"href":"https:\/\/www.fuldaernachrichten.de\/index.php?rest_route=%2Fwp%2Fv2%2Fcategories&post=161042"},{"taxonomy":"post_tag","embeddable":true,"href":"https:\/\/www.fuldaernachrichten.de\/index.php?rest_route=%2Fwp%2Fv2%2Ftags&post=161042"}],"curies":[{"name":"wp","href":"https:\/\/api.w.org\/{rel}","templated":true}]}}