{"id":161027,"date":"2017-03-15T07:10:52","date_gmt":"2017-03-15T06:10:52","guid":{"rendered":"http:\/\/www.fuldaer-nachrichten.de\/?p=161027"},"modified":"2017-03-15T07:10:52","modified_gmt":"2017-03-15T06:10:52","slug":"am-26-maerz-um-17-uhr-benefizkonzert-mit-vielen-musikerinnen-und-musikern-in-der-schlosskirche-in-altenburg","status":"publish","type":"post","link":"https:\/\/www.fuldaernachrichten.de\/?p=161027","title":{"rendered":"Am 26. M\u00e4rz um 17 Uhr: Benefizkonzert mit vielen Musikerinnen und Musikern in der Schlosskirche in Altenburg"},"content":{"rendered":"<p>Mit einem Benefzikonzert in der Altenburger Schlosskirche am 26. M\u00e4rz m\u00f6chten sich nicht wenige Musikschaffende aus Alsfeld an der Hilfe f\u00fcr den kleinen Johannes beteiligen und viele interessierte und engagierte G\u00e4ste bitten, es ihnen gleich zu tun. Der Sechsj\u00e4hrige erlitt als Neugeborener eine Hirnblutung, die zu einer schweren Entwicklungsverz\u00f6gerung mit gro\u00dfen motorischen und kognitiven Einschr\u00e4nkungen f\u00fchrte. Im Alltag ist er auf viele Hilfsmittel angewiesen, ein Rollstuhl und ein Gehtrainer geh\u00f6ren dazu. Neben der Freude, die die Familie mit dem stets gutgelaunten kleinen Kerl hat, bedeuten seine Einschr\u00e4nkungen doch eine gro\u00dfe Belastung, auch finanzieller Art. Nun muss ein gr\u00f6\u00dferes Auto angeschafft werden, um den Jungen, seine Ger\u00e4tschaften und die Familie zu transportieren. \u201eF\u00fcr uns ist es sehr wichtig, Johannes mitzunehmen. Er soll soweit wie m\u00f6glich an einem ganz normalen Alltag teilhaben\u201c, sagt seine Mutter.<\/p>\n<p>Vor einigen Wochen bereits wurde ein offizielles Spendenkonto eingerichtet, um die Familie zu unterst\u00fctzen. Nun beschloss auch der Altenburger Posaunenchor mitzuhelfen, und die Musiker trommelten eine ganze Reihe an Kollegen f\u00fcr ein Benefizkonzert zusammen: Neben dem Posaunenchor werden der Chor Voice Factory, die S\u00e4ngerin Melanie Schwalm und die Gruppe SambAlegria von Elke Saller auftreten und f\u00fcr ein sehr abwechslungsreiches und sch\u00f6nes Musikerlebnis sorgen. Alle Musiker freuen sich schon jetzt auf diese gemeinsame Veranstaltung: \u201eWir hoffen, dass m\u00f6glichst viele Menschen sich Zeit f\u00fcr unser Konzert nehmen und beim Spenden auch ein Herz f\u00fcr den kleinen Johannes und seine Familie zeigen.\u201c<\/p>\n<p>Das Konzert findet am 26. M\u00e4rz in der Altenburger Schlosskirche statt. Wer au\u00dferdem f\u00fcr Johannes spenden m\u00f6chte, kann dies unter dem Kennwort \u201eHilfe f\u00fcr Johannes&#8221; bei der Vereinigung f\u00fcr behinderte Menschen Hersfeld-Rotenburg, Bankverbindung IBAN DE42 5325 0000 0050 0621 22, BIC HELADEF1HER, tun.<\/p>\n","protected":false},"excerpt":{"rendered":"<div class=\"tmnf_excerpt\"><p>Mit einem Benefzikonzert in der Altenburger Schlosskirche am 26. M\u00e4rz m\u00f6chten sich nicht wenige Musikschaffende aus Alsfeld an der Hilfe f\u00fcr den kleinen Johannes beteiligen und viele interessierte und engagierte G\u00e4ste bitten, es ihnen gleich zu tun. Der Sechsj\u00e4hrige erlitt als Neugeborener eine Hirnblutung, die zu einer schweren Entwicklungsverz\u00f6gerung mit gro\u00dfen motorischen und kognitiven Einschr\u00e4nkungen &hellip;<\/p>\n<\/div>","protected":false},"author":1,"featured_media":161031,"comment_status":"closed","ping_status":"closed","sticky":false,"template":"","format":"standard","meta":{"footnotes":""},"categories":[1],"tags":[],"class_list":["post-161027","post","type-post","status-publish","format-standard","has-post-thumbnail","hentry","category-startseite"],"_links":{"self":[{"href":"https:\/\/www.fuldaernachrichten.de\/index.php?rest_route=\/wp\/v2\/posts\/161027","targetHints":{"allow":["GET"]}}],"collection":[{"href":"https:\/\/www.fuldaernachrichten.de\/index.php?rest_route=\/wp\/v2\/posts"}],"about":[{"href":"https:\/\/www.fuldaernachrichten.de\/index.php?rest_route=\/wp\/v2\/types\/post"}],"author":[{"embeddable":true,"href":"https:\/\/www.fuldaernachrichten.de\/index.php?rest_route=\/wp\/v2\/users\/1"}],"replies":[{"embeddable":true,"href":"https:\/\/www.fuldaernachrichten.de\/index.php?rest_route=%2Fwp%2Fv2%2Fcomments&post=161027"}],"version-history":[{"count":1,"href":"https:\/\/www.fuldaernachrichten.de\/index.php?rest_route=\/wp\/v2\/posts\/161027\/revisions"}],"predecessor-version":[{"id":161032,"href":"https:\/\/www.fuldaernachrichten.de\/index.php?rest_route=\/wp\/v2\/posts\/161027\/revisions\/161032"}],"wp:featuredmedia":[{"embeddable":true,"href":"https:\/\/www.fuldaernachrichten.de\/index.php?rest_route=\/wp\/v2\/media\/161031"}],"wp:attachment":[{"href":"https:\/\/www.fuldaernachrichten.de\/index.php?rest_route=%2Fwp%2Fv2%2Fmedia&parent=161027"}],"wp:term":[{"taxonomy":"category","embeddable":true,"href":"https:\/\/www.fuldaernachrichten.de\/index.php?rest_route=%2Fwp%2Fv2%2Fcategories&post=161027"},{"taxonomy":"post_tag","embeddable":true,"href":"https:\/\/www.fuldaernachrichten.de\/index.php?rest_route=%2Fwp%2Fv2%2Ftags&post=161027"}],"curies":[{"name":"wp","href":"https:\/\/api.w.org\/{rel}","templated":true}]}}