{"id":161024,"date":"2017-03-15T07:10:13","date_gmt":"2017-03-15T06:10:13","guid":{"rendered":"http:\/\/www.fuldaer-nachrichten.de\/?p=161024"},"modified":"2017-03-15T07:10:13","modified_gmt":"2017-03-15T06:10:13","slug":"landkreis-fulda-praesentiert-sich-auf-der-trendmesse","status":"publish","type":"post","link":"https:\/\/www.fuldaernachrichten.de\/?p=161024","title":{"rendered":"Landkreis Fulda pr\u00e4sentiert sich auf der Trendmesse"},"content":{"rendered":"<p>Im Rahmen der Trendmesse, die vom 16. bis 19. M\u00e4rz auf dem Messegel\u00e4nde Fulda Galerie stattfindet, werden Mitarbeiterinnen und Mitarbeiter des Landkreises Fulda \u00fcber die Aufgaben der Kreisverwaltung sowie verschiedene Dienstleistungen und Projekte informieren. Bauen und Wohnen, Umwelt und Natur, vorbeugender Brandschutz sowie die Ausbildung bei der Kreisverwaltung bilden die Schwerpunkt-themen. Zudem wird die Fleischerinnung am Stand des Landkreises vertreten sein und \u00fcber ihr Handwerk informieren.<\/p>\n<p>Am Donnerstag, 16. M\u00e4rz, sowie am Freitag, 17. M\u00e4rz, wird der Fachdienst Bauen und Wohnen die aktuellen Wohnungsbauf\u00f6rderprogramme des Landes Hessen vorstellen. Dabei stehen der Neubau sowie der Bestandserwerb von selbstgenutztem Wohneigentum, der Mietwohnungsbau, das studentische Wohnen sowie die F\u00f6rderung des behindertengerech-ten Wohnens besonders im Fokus. Der Sternenpark Rh\u00f6n informiert \u00fcber die M\u00f6glichkeiten einer umweltvertr\u00e4glichen und verantwortungsvollen Beleuchtung \u2013 insbesondere vor dem Hintergrund der Lichtverschmutzung und des Schutzes der Nacht. <\/p>\n<p>\u00dcber die Perspektiven im Fleischerhandwerk wird die Fleischerinnung Fulda berichten. Das Fleischerhandwerk ist voller Tradition und facettenreicher als man meint, deshalb sind insbe-sondere Sch\u00fclerinnen und Sch\u00fcler, Lehrerinnen und Lehrer sowie Eltern dazu eingeladen, sich am Messestand \u00fcber einen Beruf mit Zukunft zu informieren. <\/p>\n<p>Am Samstag, 18. M\u00e4rz, sowie am Sonntag, 19. M\u00e4rz, wird der Fachdienst Gefahrenabwehr \u00fcber das Feuerwehrwesen sowie den vorbeugenden Brandschutz informieren und die Ange-bote der Jugendfeuerwehr vorstellen. Zudem k\u00f6nnen sich die Messebesucherinnen und -besucher an den beiden Messetagen ein Bild von den Ausbildungsm\u00f6glichkeiten, Praktika sowie den dualen Studieng\u00e4ngen B.A.\/Public Administration, B.A.\/Soziale Arbeit sowie B.A.\/Soziale Sicherung, Inklusion, Verwaltung (BASS) machen. Auszubildende, Studierende und Personalverantwortliche werden die Aufgaben der Kreisverwaltung erl\u00e4utern und Fragen beantworten. <\/p>\n<p>Dar\u00fcber hinaus wird am Samstag, 18. M\u00e4rz, am Stand des Landkreises das LIFE-Projekt der Europ\u00e4ischen Union \u201eHessische Rh\u00f6n \u2013 Berggr\u00fcnland, Hutungen und ihre V\u00f6gel\u201c vorgestellt. Ziel dieses Naturschutzprogramms ist es, sich um den Erhalt der Rh\u00f6ner Bergwiesen mit Hilfe der Landwirte zu k\u00fcmmern. Am Sonntag, 19. M\u00e4rz, stellt das Biosph\u00e4renreservat Rh\u00f6n zudem das Rotmilan-Gro\u00dfprojekt vor.<\/p>\n<p>Der Landkreis Fulda freut sich auf viele interessierte B\u00fcrgerinnen und B\u00fcrger, die den Mes-sestand 507 in Halle 5 besuchen. <\/p>\n","protected":false},"excerpt":{"rendered":"<div class=\"tmnf_excerpt\"><p>Im Rahmen der Trendmesse, die vom 16. bis 19. M\u00e4rz auf dem Messegel\u00e4nde Fulda Galerie stattfindet, werden Mitarbeiterinnen und Mitarbeiter des Landkreises Fulda \u00fcber die Aufgaben der Kreisverwaltung sowie verschiedene Dienstleistungen und Projekte informieren. Bauen und Wohnen, Umwelt und Natur, vorbeugender Brandschutz sowie die Ausbildung bei der Kreisverwaltung bilden die Schwerpunkt-themen. Zudem wird die Fleischerinnung &hellip;<\/p>\n<\/div>","protected":false},"author":1,"featured_media":161029,"comment_status":"closed","ping_status":"closed","sticky":false,"template":"","format":"standard","meta":{"footnotes":""},"categories":[1],"tags":[],"class_list":["post-161024","post","type-post","status-publish","format-standard","has-post-thumbnail","hentry","category-startseite"],"_links":{"self":[{"href":"https:\/\/www.fuldaernachrichten.de\/index.php?rest_route=\/wp\/v2\/posts\/161024","targetHints":{"allow":["GET"]}}],"collection":[{"href":"https:\/\/www.fuldaernachrichten.de\/index.php?rest_route=\/wp\/v2\/posts"}],"about":[{"href":"https:\/\/www.fuldaernachrichten.de\/index.php?rest_route=\/wp\/v2\/types\/post"}],"author":[{"embeddable":true,"href":"https:\/\/www.fuldaernachrichten.de\/index.php?rest_route=\/wp\/v2\/users\/1"}],"replies":[{"embeddable":true,"href":"https:\/\/www.fuldaernachrichten.de\/index.php?rest_route=%2Fwp%2Fv2%2Fcomments&post=161024"}],"version-history":[{"count":1,"href":"https:\/\/www.fuldaernachrichten.de\/index.php?rest_route=\/wp\/v2\/posts\/161024\/revisions"}],"predecessor-version":[{"id":161030,"href":"https:\/\/www.fuldaernachrichten.de\/index.php?rest_route=\/wp\/v2\/posts\/161024\/revisions\/161030"}],"wp:featuredmedia":[{"embeddable":true,"href":"https:\/\/www.fuldaernachrichten.de\/index.php?rest_route=\/wp\/v2\/media\/161029"}],"wp:attachment":[{"href":"https:\/\/www.fuldaernachrichten.de\/index.php?rest_route=%2Fwp%2Fv2%2Fmedia&parent=161024"}],"wp:term":[{"taxonomy":"category","embeddable":true,"href":"https:\/\/www.fuldaernachrichten.de\/index.php?rest_route=%2Fwp%2Fv2%2Fcategories&post=161024"},{"taxonomy":"post_tag","embeddable":true,"href":"https:\/\/www.fuldaernachrichten.de\/index.php?rest_route=%2Fwp%2Fv2%2Ftags&post=161024"}],"curies":[{"name":"wp","href":"https:\/\/api.w.org\/{rel}","templated":true}]}}