{"id":161014,"date":"2017-03-15T07:08:30","date_gmt":"2017-03-15T06:08:30","guid":{"rendered":"http:\/\/www.fuldaer-nachrichten.de\/?p=161014"},"modified":"2017-03-15T07:08:30","modified_gmt":"2017-03-15T06:08:30","slug":"geplanter-windpark-im-gieseler-forst-stadt-fulda-will-buergerinteressen-in-das-genehmigungsverfahren-einbringen","status":"publish","type":"post","link":"https:\/\/www.fuldaernachrichten.de\/?p=161014","title":{"rendered":"Geplanter Windpark im Gieseler Forst &#8211; Stadt Fulda will B\u00fcrgerinteressen in das Genehmigungsverfahren einbringen"},"content":{"rendered":"<p>Mit Aufmerksamkeit beobachtet die Stadt Fulda die Planungen zum Windpark im Gieseler Forst: \u201eAuch wenn die geplanten Windr\u00e4der nicht auf dem Stadtgebiet stehen, wissen wir doch, dass viele B\u00fcrgerinnen und B\u00fcrger, gerade in Johannesberg und Harmerz, die Planungen mit Sorge verfolgen. Als Stadt Fulda erwarten wir von der Firma ABO Wind, dass sie uns ihre detaillierten Pl\u00e4ne zeitnah vorstellt, damit wir die Interessen unserer B\u00fcrgerinnen und B\u00fcrger in das Genehmigungsverfahren einbringen k\u00f6nnen\u201c, erkl\u00e4ren Oberb\u00fcrgermeister Dr. Heiko Wingenfeld und Stadtbaurat Daniel Schreiner. Der Gieseler Forst sei ein bedeutendes Biotop und ein wichtiges Naherholungsgebiet. Dies m\u00fcsse bei dem von ABO Wind angestrebten Verfahren angemessen ber\u00fccksichtigt werden.<\/p>\n<p>&nbsp;<\/p>\n<p>Bei der \u00d6ffentlichkeitsbeteiligung des Teilregionalplans Energie hatte die Stadt Fulda bereits eine Stellungnahme abgegeben. Darin forderte die Stadt am derzeit geplanten Standort einen Mindestabstand von f\u00fcnf Kilometern zwischen den Windr\u00e4dern und der Propstei Johannesberg, au\u00dferdem die Vorlage aussagef\u00e4higer Animationen im Zuge der Genehmigung.<\/p>\n","protected":false},"excerpt":{"rendered":"<div class=\"tmnf_excerpt\"><p>Mit Aufmerksamkeit beobachtet die Stadt Fulda die Planungen zum Windpark im Gieseler Forst: \u201eAuch wenn die geplanten Windr\u00e4der nicht auf dem Stadtgebiet stehen, wissen wir doch, dass viele B\u00fcrgerinnen und B\u00fcrger, gerade in Johannesberg und Harmerz, die Planungen mit Sorge verfolgen. Als Stadt Fulda erwarten wir von der Firma ABO Wind, dass sie uns ihre &hellip;<\/p>\n<\/div>","protected":false},"author":1,"featured_media":0,"comment_status":"closed","ping_status":"closed","sticky":false,"template":"","format":"standard","meta":{"footnotes":""},"categories":[1],"tags":[],"class_list":["post-161014","post","type-post","status-publish","format-standard","hentry","category-startseite"],"_links":{"self":[{"href":"https:\/\/www.fuldaernachrichten.de\/index.php?rest_route=\/wp\/v2\/posts\/161014","targetHints":{"allow":["GET"]}}],"collection":[{"href":"https:\/\/www.fuldaernachrichten.de\/index.php?rest_route=\/wp\/v2\/posts"}],"about":[{"href":"https:\/\/www.fuldaernachrichten.de\/index.php?rest_route=\/wp\/v2\/types\/post"}],"author":[{"embeddable":true,"href":"https:\/\/www.fuldaernachrichten.de\/index.php?rest_route=\/wp\/v2\/users\/1"}],"replies":[{"embeddable":true,"href":"https:\/\/www.fuldaernachrichten.de\/index.php?rest_route=%2Fwp%2Fv2%2Fcomments&post=161014"}],"version-history":[{"count":1,"href":"https:\/\/www.fuldaernachrichten.de\/index.php?rest_route=\/wp\/v2\/posts\/161014\/revisions"}],"predecessor-version":[{"id":161021,"href":"https:\/\/www.fuldaernachrichten.de\/index.php?rest_route=\/wp\/v2\/posts\/161014\/revisions\/161021"}],"wp:attachment":[{"href":"https:\/\/www.fuldaernachrichten.de\/index.php?rest_route=%2Fwp%2Fv2%2Fmedia&parent=161014"}],"wp:term":[{"taxonomy":"category","embeddable":true,"href":"https:\/\/www.fuldaernachrichten.de\/index.php?rest_route=%2Fwp%2Fv2%2Fcategories&post=161014"},{"taxonomy":"post_tag","embeddable":true,"href":"https:\/\/www.fuldaernachrichten.de\/index.php?rest_route=%2Fwp%2Fv2%2Ftags&post=161014"}],"curies":[{"name":"wp","href":"https:\/\/api.w.org\/{rel}","templated":true}]}}