{"id":161006,"date":"2017-03-15T07:09:08","date_gmt":"2017-03-15T06:09:08","guid":{"rendered":"http:\/\/www.fuldaer-nachrichten.de\/?p=161006"},"modified":"2017-03-15T07:09:08","modified_gmt":"2017-03-15T06:09:08","slug":"neues-jahr-und-neue-aktivitaeten-fuer-den-round-table-fulda","status":"publish","type":"post","link":"https:\/\/www.fuldaernachrichten.de\/?p=161006","title":{"rendered":"Neues Jahr und neue Aktivit\u00e4ten f\u00fcr den Round Table Fulda"},"content":{"rendered":"<p>\u201eRound Table \u2013 das ist Lebensfreu(n)de\u201c \u2013 so umschreibt Round Table Deutschland das Gef\u00fchl, welches viele M\u00e4nner und ihre Familien mit Round Table verbinden \u2013 so auch am Tisch 189 in Fulda. Zur \u00dcbergabe an das neue Pr\u00e4sidium f\u00fcr das Amtsjahr M\u00e4rz 2017 bis M\u00e4rz 2018 haben sich viele der aktiven \u201eTabler\u201c mit ihren Familien im Schloss Fasanerie in Eichenzell eingefunden, um nach einem R\u00fcck- und Ausblick auf die vergangenen und kommenden 12 Monate gemeinsam zu feiern.<\/p>\n<p>&nbsp;<\/p>\n<p>Pastpr\u00e4sident Sebastian Diehl \u00fcbergab die Amtskette mit Emblem an Karl-Gustav M\u00fcller, dem neugew\u00e4hlten Pr\u00e4sidenten. Mit zum neuen Pr\u00e4sidium geh\u00f6ren Dennis Herget (Vizepr\u00e4sident), Ulrich Bonse-Geuking (Sekret\u00e4r), Thomas Klasmeier (Kassierer), Michael M\u00f6ller (\u00d6ffentlichkeitsarbeit) und Tarek Bary (Internationales).<\/p>\n<p>&nbsp;<\/p>\n<p>Sebastian Diehl blickte auf die vergangenen 12 Monate zur\u00fcck und stellte besonders die gemeinn\u00fctzigen Aktivit\u00e4ten heraus, wie ein Benefizdinner f\u00fcr eine soziale Einrichtung und die Beteiligung am deutschlandweiten Weihnachtsp\u00e4ckchenkonvoi, mit welchem Kinder in Osteuropa seit vielen Jahren unterst\u00fctzt werden. Auch bei der Aktion \u201eRaus aus dem toten Winkel\u201c hat der Fuldaer Tisch wie in vielen Jahren zuvor an Kinderg\u00e4rten und Grundschulen in der Region zur Sicherheit im Stra\u00dfenverkehr beigetragen.<\/p>\n<p>&nbsp;<\/p>\n<p>Karl-Gustav M\u00fcller berichtete zu den Vorbereitungen f\u00fcr das \u201eEuromeeting\u201c in Fulda, zu welchem befreundete Tabler mit ihren Familien aus ganz Europa in die Barockstadt kommen und ein gemeinsames Wochenende mit vielen Aktivit\u00e4ten verbringen. Ein weiteres Highlight in den n\u00e4chsten Monaten wird auch die Charterfeier vom Tisch \u201eOld Table 189 Fulda\u201c werden: W\u00e4hrend bei Round Table junge M\u00e4nner von 18 bis 40 Jahren aktiv sind, rutscht man danach automatisch als \u201eOldie\u201c an den Old Table nach und ist weiterhin der Gemeinschaft verbunden. Das ist ein Alleinstellungsmerkmal von Round Table: Durch die Beteiligung bis zum 40. Lebensjahr ist immer ein Zufluss an neuen Ideen und Mitgliedern gesichert, welche das \u201eTischleben\u201c lebendig halten.<\/p>\n<p>&nbsp;<\/p>\n<p>Round Table hat seinen Ursprung im englischen Clubleben und wird dieses Jahr 90 Jahre alt. Der Tisch in Fulda wurde 2008 ins Leben gerufen, der Vereinigung Round und Old Table Fulda geh\u00f6ren derzeit 23 M\u00e4nner aus der Region Fulda an. Alle Informationen unter <a href=\"http:\/\/www.rt189.de\">www.rt189.de<\/a>.<\/p>\n","protected":false},"excerpt":{"rendered":"<div class=\"tmnf_excerpt\"><p>\u201eRound Table \u2013 das ist Lebensfreu(n)de\u201c \u2013 so umschreibt Round Table Deutschland das Gef\u00fchl, welches viele M\u00e4nner und ihre Familien mit Round Table verbinden \u2013 so auch am Tisch 189 in Fulda. Zur \u00dcbergabe an das neue Pr\u00e4sidium f\u00fcr das Amtsjahr M\u00e4rz 2017 bis M\u00e4rz 2018 haben sich viele der aktiven \u201eTabler\u201c mit ihren Familien &hellip;<\/p>\n<\/div>","protected":false},"author":1,"featured_media":161015,"comment_status":"closed","ping_status":"closed","sticky":false,"template":"","format":"standard","meta":{"footnotes":""},"categories":[1],"tags":[],"class_list":["post-161006","post","type-post","status-publish","format-standard","has-post-thumbnail","hentry","category-startseite"],"_links":{"self":[{"href":"https:\/\/www.fuldaernachrichten.de\/index.php?rest_route=\/wp\/v2\/posts\/161006","targetHints":{"allow":["GET"]}}],"collection":[{"href":"https:\/\/www.fuldaernachrichten.de\/index.php?rest_route=\/wp\/v2\/posts"}],"about":[{"href":"https:\/\/www.fuldaernachrichten.de\/index.php?rest_route=\/wp\/v2\/types\/post"}],"author":[{"embeddable":true,"href":"https:\/\/www.fuldaernachrichten.de\/index.php?rest_route=\/wp\/v2\/users\/1"}],"replies":[{"embeddable":true,"href":"https:\/\/www.fuldaernachrichten.de\/index.php?rest_route=%2Fwp%2Fv2%2Fcomments&post=161006"}],"version-history":[{"count":1,"href":"https:\/\/www.fuldaernachrichten.de\/index.php?rest_route=\/wp\/v2\/posts\/161006\/revisions"}],"predecessor-version":[{"id":161023,"href":"https:\/\/www.fuldaernachrichten.de\/index.php?rest_route=\/wp\/v2\/posts\/161006\/revisions\/161023"}],"wp:featuredmedia":[{"embeddable":true,"href":"https:\/\/www.fuldaernachrichten.de\/index.php?rest_route=\/wp\/v2\/media\/161015"}],"wp:attachment":[{"href":"https:\/\/www.fuldaernachrichten.de\/index.php?rest_route=%2Fwp%2Fv2%2Fmedia&parent=161006"}],"wp:term":[{"taxonomy":"category","embeddable":true,"href":"https:\/\/www.fuldaernachrichten.de\/index.php?rest_route=%2Fwp%2Fv2%2Fcategories&post=161006"},{"taxonomy":"post_tag","embeddable":true,"href":"https:\/\/www.fuldaernachrichten.de\/index.php?rest_route=%2Fwp%2Fv2%2Ftags&post=161006"}],"curies":[{"name":"wp","href":"https:\/\/api.w.org\/{rel}","templated":true}]}}