{"id":160999,"date":"2017-03-15T07:06:56","date_gmt":"2017-03-15T06:06:56","guid":{"rendered":"http:\/\/www.fuldaer-nachrichten.de\/?p=160999"},"modified":"2017-03-15T07:06:56","modified_gmt":"2017-03-15T06:06:56","slug":"eichenzells-aelteste-buergerin-anna-mueller-feierte-ihren-103-geburtstag","status":"publish","type":"post","link":"https:\/\/www.fuldaernachrichten.de\/?p=160999","title":{"rendered":"Eichenzells \u00e4lteste B\u00fcrgerin Anna M\u00fcller feierte ihren 103. Geburtstag"},"content":{"rendered":"<p><a href=\"http:\/\/www.fuldaer-nachrichten.de\/wp-content\/uploads\/2017\/03\/Gratulation-durch-B\u00fcrgermeister-Dieter-Kolb.jpg\"><img decoding=\"async\" class=\"alignleft size-thumbnail wp-image-161009\" src=\"http:\/\/www.fuldaer-nachrichten.de\/wp-content\/uploads\/2017\/03\/Gratulation-durch-B\u00fcrgermeister-Dieter-Kolb-265x176.jpg\" alt=\"\" width=\"265\" height=\"176\" \/><\/a>Am Mittwoch, dem 8. M\u00e4rz 2016, feierte Anna M\u00fcller mit Familie, Freunden, Bekannten und zahlreichen Kommunalpolitikern ihren 103. Geburtstag.<\/p>\n<p>Anna M\u00fcller ist 1914 in Heubach, kurz vor Beginn des ersten Weltkrieges geboren. Mit ihren drei Br\u00fcdern und einer Schwester wuchs sie in einer Zeit, gepr\u00e4gt von den Folgen des Krieges auf.<\/p>\n<p>Schon als junges M\u00e4dchen arbeitete sie in der Landwirtschaft ihres Vaters und half bei Aufforstungsarbeiten im Wald. In 1943 heiratete sie ihren Verlobten Johannes, w\u00e4hrend eines Kurzaufenthaltes im zweiten Weltkrieg. Anschlie\u00dfend musste er zur\u00fcck an die Front nach Russland, von der er jedoch nicht wieder zur\u00fcckkam. 1944 wurde er als vermisst gemeldet und erst 1998 f\u00fcr tot erkl\u00e4rt. All die Jahre hoffte Anna M\u00fcller vergeblich auf die R\u00fcckkehr ihres Mannes.\u00c2\u00a0Auch ihre drei Br\u00fcder verlor sie im Krieg. Trotz dieser schrecklichen Verluste und Schicksalsschl\u00e4ge hat die Jubilarin bis heute ihren Lebensmut nicht verloren. Besonders bekannt wurde Anna M\u00fcller daf\u00fcr, dass sie bei \u00fcber 100 Hochzeiten in Heubach gekocht hat. Sie arbeitete gerne im Garten und hat noch bis ins hohe Alter gestrickt. Bis 1996 hat sie sich noch selbst versorgt. Anschlie\u00dfend zog sie zu der Familie ihres Bruders, die sich liebevoll um sie k\u00fcmmert bis sie vor einem halben Jahr in das Seniorenheim des Generationenhauses Eichenzell, der AWO einzog. Mit der sich dort angegliederten Kindertagesst\u00e4tte Riedrainm\u00e4use hat sie ein neues Zuhause gefunden. Sie nimmt gerne an dem generations\u00fcbergreifenden Betreuungsangebot mit den Kindern teil und ist bei Mitbewohnern, dem Pflegepersonal und den Kindern der Kita besonders beliebt.<\/p>\n<p>Sie erfreut sich bester Gesundheit und interessiert sich immer noch f\u00fcr das Zeitgeschehen und nimmt Anteil am Ortsgeschehen in Eichenzell sowie ihrer fr\u00fcheren Heimatgemeinde Kalbach.<\/p>\n<p>B\u00fcrgermeister Dieter Kolb gratulierte der Jubilarin zu dem stolzen Geburtstag und w\u00fcnschte ihr weiterhin beste Gesundheit, viele sch\u00f6ne Gl\u00fccksmomente und, dass sie sich ihre Lebensfreude weiterhin bewahren m\u00f6ge. Im Namen des Ortsbeirates gratulierte auch Ortsvorsteher Gerhard Dehler. Beste Gr\u00fc\u00dfe und Gl\u00fcckw\u00fcnsche von Landrat Bernd Woide und seines Stellvertreters Frederik Schmitt \u00fcberbrachte Kreisbeigeordneter Hermann M\u00fcller. Er w\u00fcnschte der Jubilarin: &#8220;das sie sich die Lebenssch\u00e4tze und -erfahrungen weiterhin in guter Erinnerung behalte und ihre Familie und ihre Umwelt an der Weisheit des Alters teilhaben lasse\u201c.<\/p>\n<p>Auch f\u00fcr Kalbachs B\u00fcrgermeister Florian H\u00f6lzer und Heubachs Ortsvorsteher Gerhard M\u00fcller war es selbstverst\u00e4ndlich zur Gratulation ihrer ehemaligen \u00e4ltesten Mitb\u00fcrgerin nach\u00c2\u00a0Eichenzell zu kommen, um die Gl\u00fcckw\u00fcnsche der gemeindlichen Gremien und der B\u00fcrgerschaft von Kalbach und Heubach zu \u00fcberbringen. Anna M\u00fcller, die sich zeitlebens in Heubach vielf\u00e4ltig engagierte, strahlte ansteckende Lebensfreude aus und bedankte sich f\u00fcr die vielen Gl\u00fcckw\u00fcnsche.<\/p>\n<p>&nbsp;<\/p>\n<p>&nbsp;<\/p>\n<p>Auch die Kinder vom Generationenhaus Kindertagesst\u00e4tte Riedrainm\u00e4use gratulierten mit einem Geburtstagslied und einer kleinen Darbietung. Anschlie\u00dfend \u00fcberreichten die Schulanf\u00e4nger der gl\u00fccklichen Jubilarin einzeln aufgesagte Geburtstagsw\u00fcnsche mit einer Tulpe, sodass ein herrlicher Blumenstrau\u00df entstand. Sichtlich ergriffen vor Freude und mit Tr\u00e4nen in den Augen bedankte sich Anna M\u00fcller bei der gro\u00dfen Kinderschar f\u00fcr diese sch\u00f6ne \u00dcberraschung.<\/p>\n","protected":false},"excerpt":{"rendered":"<div class=\"tmnf_excerpt\"><p>Am Mittwoch, dem 8. M\u00e4rz 2016, feierte Anna M\u00fcller mit Familie, Freunden, Bekannten und zahlreichen Kommunalpolitikern ihren 103. Geburtstag. Anna M\u00fcller ist 1914 in Heubach, kurz vor Beginn des ersten Weltkrieges geboren. Mit ihren drei Br\u00fcdern und einer Schwester wuchs sie in einer Zeit, gepr\u00e4gt von den Folgen des Krieges auf. Schon als junges M\u00e4dchen &hellip;<\/p>\n<\/div>","protected":false},"author":1,"featured_media":161008,"comment_status":"closed","ping_status":"closed","sticky":false,"template":"","format":"standard","meta":{"footnotes":""},"categories":[1],"tags":[],"class_list":["post-160999","post","type-post","status-publish","format-standard","has-post-thumbnail","hentry","category-startseite"],"_links":{"self":[{"href":"https:\/\/www.fuldaernachrichten.de\/index.php?rest_route=\/wp\/v2\/posts\/160999","targetHints":{"allow":["GET"]}}],"collection":[{"href":"https:\/\/www.fuldaernachrichten.de\/index.php?rest_route=\/wp\/v2\/posts"}],"about":[{"href":"https:\/\/www.fuldaernachrichten.de\/index.php?rest_route=\/wp\/v2\/types\/post"}],"author":[{"embeddable":true,"href":"https:\/\/www.fuldaernachrichten.de\/index.php?rest_route=\/wp\/v2\/users\/1"}],"replies":[{"embeddable":true,"href":"https:\/\/www.fuldaernachrichten.de\/index.php?rest_route=%2Fwp%2Fv2%2Fcomments&post=160999"}],"version-history":[{"count":1,"href":"https:\/\/www.fuldaernachrichten.de\/index.php?rest_route=\/wp\/v2\/posts\/160999\/revisions"}],"predecessor-version":[{"id":161013,"href":"https:\/\/www.fuldaernachrichten.de\/index.php?rest_route=\/wp\/v2\/posts\/160999\/revisions\/161013"}],"wp:featuredmedia":[{"embeddable":true,"href":"https:\/\/www.fuldaernachrichten.de\/index.php?rest_route=\/wp\/v2\/media\/161008"}],"wp:attachment":[{"href":"https:\/\/www.fuldaernachrichten.de\/index.php?rest_route=%2Fwp%2Fv2%2Fmedia&parent=160999"}],"wp:term":[{"taxonomy":"category","embeddable":true,"href":"https:\/\/www.fuldaernachrichten.de\/index.php?rest_route=%2Fwp%2Fv2%2Fcategories&post=160999"},{"taxonomy":"post_tag","embeddable":true,"href":"https:\/\/www.fuldaernachrichten.de\/index.php?rest_route=%2Fwp%2Fv2%2Ftags&post=160999"}],"curies":[{"name":"wp","href":"https:\/\/api.w.org\/{rel}","templated":true}]}}