{"id":160992,"date":"2017-03-15T06:59:39","date_gmt":"2017-03-15T05:59:39","guid":{"rendered":"http:\/\/www.fuldaer-nachrichten.de\/?p=160992"},"modified":"2017-03-15T06:59:39","modified_gmt":"2017-03-15T05:59:39","slug":"fulda-erstmals-bei-der-earth-hour-dabei","status":"publish","type":"post","link":"https:\/\/www.fuldaernachrichten.de\/?p=160992","title":{"rendered":"Fulda erstmals bei der \u201eEarth Hour\u201c dabei"},"content":{"rendered":"<p>Die Stadt Fulda beteiligt sich in diesem Jahr erstmals an der weltgr\u00f6\u00dften Klimaschutzaktion des WWF: Am 25. M\u00e4rz gehen von 20.30 Uhr bis 21.30 Uhr rund um den Globus symbolisch die Lichter aus. W\u00e4hrend der \u201eWWF Earth Hour\u201c werden unz\u00e4hlige Privatpersonen zuhause das Licht ausschalten und viele Tausend St\u00e4dte ihre bekanntesten Bauwerke in Dunkelheit h\u00fcllen, darunter Wahrzeichen wie den Big Ben in London oder die Christusstatue in Rio de Janeiro. Auch die Stadt Fulda ist in diesem Jahr dabei und wird die Beleuchtung vom Dom, der Orangerie und dem Kloster Frauenberg abschalten, um so ein Zeichen f\u00fcr den Umwelt- und Klimaschutz zu setzen.<\/p>\n<p>&nbsp;<\/p>\n<p>Fuldas Stadtbaurat Daniel Schreiner freut sich auf m\u00f6glichst viele teilnehmenden Fuldaer B\u00fcrgerinnen und B\u00fcrger und appelliert: \u201eWir alle k\u00f6nnen uns an der Earth Hour beteiligen. Schalten Sie am 25. M\u00e4rz f\u00fcr eine Stunde von 20.30 bis 21.30 Uhr zuhause das Licht aus und setzen Sie ein Zeichen f\u00fcr den Klimaschutz. Denn wir alle k\u00f6nnen gemeinsam einen Teil zum Klimaschutz beitragen.\u201c<\/p>\n<p>&nbsp;<\/p>\n<p>Nach Angaben des World Wide Fund For Nature (WWF) werden sich auch in diesem Jahr wieder Millionen Menschen auf der ganzen Welt beteiligen. Wer mitmachen m\u00f6chte, findet im Internet unter der Adresse <u>www.wwf.de\/earthhour<\/u> neben Neuigkeiten rund um das Event auch Tipps f\u00fcr die eigene Earth Hour. In Deutschland steht die Aktion in diesem Jahr unter dem Motto \u201eKlimaschutz geht gemeinsam\u201c. Die Umweltsch\u00fctzer wollen darauf aufmerksam machen, dass jeder seinen Teil zum Klimaschutz beitragen kann und muss.<\/p>\n<p>&nbsp;<\/p>\n<p><strong><em>Hintergrund:<\/em><\/strong><em> Die WWF Earth Hour findet dieses Jahr bereits zum elften Mal statt. Ihren Anfang nahm die Aktion im Jahr 2007 in Sydney. In den darauffolgenden Jahren breitete sie sich dann \u00fcber die gesamte Welt aus. Mittlerweile wird die \u201eStunde der Erde\u201c auf allen Kontinenten in \u00fcber 170 L\u00e4ndern begangen. Weltweit nehmen rund 7000 St\u00e4dte teil, allein in Deutschland waren es 241 im vergangenen Jahr.<\/em><\/p>\n","protected":false},"excerpt":{"rendered":"<div class=\"tmnf_excerpt\"><p>Die Stadt Fulda beteiligt sich in diesem Jahr erstmals an der weltgr\u00f6\u00dften Klimaschutzaktion des WWF: Am 25. M\u00e4rz gehen von 20.30 Uhr bis 21.30 Uhr rund um den Globus symbolisch die Lichter aus. W\u00e4hrend der \u201eWWF Earth Hour\u201c werden unz\u00e4hlige Privatpersonen zuhause das Licht ausschalten und viele Tausend St\u00e4dte ihre bekanntesten Bauwerke in Dunkelheit h\u00fcllen, &hellip;<\/p>\n<\/div>","protected":false},"author":1,"featured_media":160994,"comment_status":"closed","ping_status":"closed","sticky":false,"template":"","format":"standard","meta":{"footnotes":""},"categories":[1],"tags":[],"class_list":["post-160992","post","type-post","status-publish","format-standard","has-post-thumbnail","hentry","category-startseite"],"_links":{"self":[{"href":"https:\/\/www.fuldaernachrichten.de\/index.php?rest_route=\/wp\/v2\/posts\/160992","targetHints":{"allow":["GET"]}}],"collection":[{"href":"https:\/\/www.fuldaernachrichten.de\/index.php?rest_route=\/wp\/v2\/posts"}],"about":[{"href":"https:\/\/www.fuldaernachrichten.de\/index.php?rest_route=\/wp\/v2\/types\/post"}],"author":[{"embeddable":true,"href":"https:\/\/www.fuldaernachrichten.de\/index.php?rest_route=\/wp\/v2\/users\/1"}],"replies":[{"embeddable":true,"href":"https:\/\/www.fuldaernachrichten.de\/index.php?rest_route=%2Fwp%2Fv2%2Fcomments&post=160992"}],"version-history":[{"count":1,"href":"https:\/\/www.fuldaernachrichten.de\/index.php?rest_route=\/wp\/v2\/posts\/160992\/revisions"}],"predecessor-version":[{"id":160995,"href":"https:\/\/www.fuldaernachrichten.de\/index.php?rest_route=\/wp\/v2\/posts\/160992\/revisions\/160995"}],"wp:featuredmedia":[{"embeddable":true,"href":"https:\/\/www.fuldaernachrichten.de\/index.php?rest_route=\/wp\/v2\/media\/160994"}],"wp:attachment":[{"href":"https:\/\/www.fuldaernachrichten.de\/index.php?rest_route=%2Fwp%2Fv2%2Fmedia&parent=160992"}],"wp:term":[{"taxonomy":"category","embeddable":true,"href":"https:\/\/www.fuldaernachrichten.de\/index.php?rest_route=%2Fwp%2Fv2%2Fcategories&post=160992"},{"taxonomy":"post_tag","embeddable":true,"href":"https:\/\/www.fuldaernachrichten.de\/index.php?rest_route=%2Fwp%2Fv2%2Ftags&post=160992"}],"curies":[{"name":"wp","href":"https:\/\/api.w.org\/{rel}","templated":true}]}}