{"id":160977,"date":"2017-03-15T06:55:45","date_gmt":"2017-03-15T05:55:45","guid":{"rendered":"http:\/\/www.fuldaer-nachrichten.de\/?p=160977"},"modified":"2017-03-15T06:55:45","modified_gmt":"2017-03-15T05:55:45","slug":"wirtschaftsdezernent-besuchte-die-somack-fertigungstechnik-gmbh-in-muecke","status":"publish","type":"post","link":"https:\/\/www.fuldaernachrichten.de\/?p=160977","title":{"rendered":"Wirtschaftsdezernent besuchte die Somack Fertigungstechnik GmbH in M\u00fccke"},"content":{"rendered":"<p>\u201eMan kann in allen Abteilungen sp\u00fcren, dass hier Talente erkannt und gef\u00f6rdert werden.\u201c Das sagte Vizelandrat Dr. Jens Mischak im Gespr\u00e4ch mit Sinan Koc, dem Gesch\u00e4ftsf\u00fchrer der Somack Fertigungstechnik GmbH in M\u00fccke. An dem Firmenbesuch nahmen auch B\u00fcrgermeister Matthias Weitzel und Andrea Ortstadt, Betriebswirtin im Amt f\u00fcr Wirtschaftsf\u00f6rderung der Kreisverwaltung, teil.<\/p>\n<p>Zu den rund 15 Unternehmen im Gewerbegebiet \u201eGottesrain\u201c an der Autobahn 5 z\u00e4hlt seit 2013 auch das zwei Jahre zuvor gegr\u00fcndete Unternehmen Somack. \u201eDie zentrale Lage hier ist top\u201c, sagte Gesch\u00e4ftsf\u00fchrer Koc. \u201eMit dem schnellen Internet einschlie\u00dflich Glasfaser zum Unternehmen dauert es jetzt auch nicht mehr lange\u201c, erl\u00e4uterte Wirtschaftsdezernent Dr. Mischak \u2013 wor\u00fcber sich der Unternehmer sehr freute.<\/p>\n<p>Aus kleinsten Anf\u00e4ngen \u201eim Keller\u201c hat sich der selbst\u00e4ndige Erfinder und Entwickler mittlerweile ein Team von 17 Mitarbeiterinnen und Mitarbeitern zusammengestellt. Vier davon sind Auszubildende, \u201edie bei uns gef\u00f6rdert werden; sie sind keine billigen Arbeitskr\u00e4fte\u201c, so Sinan Koc. Sein Kommentar zum Mangel an Fachkr\u00e4ften: \u201eWenn man gute Leute haben will, dann muss man sie am besten selber ausbilden.\u201c<\/p>\n<p>Innovative Technik, hohe Dynamik, bis ins Detail durchgeplante Ablaufprozesse und eine gute Kooperation mit der Technischen Hochschule Mittelhessen (THM) kennzeichnen das junge Unternehmen. Genauso wichtig ist dem Firmenchef jedoch der \u201emenschliche Faktor\u201c, die Wertsch\u00e4tzung und\u00c2\u00a0 die \u201eLust auf Leistung\u201c.<\/p>\n<p>Wenn Arbeit richtig organisiert werde, dann k\u00f6nne man \u201eSelbstvertrauen tanken\u201c \u2013 und dann werden die Produkte gut und die Kunden zufrieden. Der Verkauf von Pr\u00e4zisionsteilen aus Metall und Kunststoff und Fertigungsanlagen im Bereich Sondermaschinenbau, Lasertechnik und Kunststoffschwei\u00dfen sowie von Pr\u00fcfst\u00e4nden erfolgt inzwischen in alle Welt.<\/p>\n<p>Beeindruckt zeigte sich Wirtschaftsdezernent Dr. Mischak auch von der sehr hohen Wertsch\u00f6pfungsquote von 92 Prozent. Das bedeutet: praktisch alles, was zur Fertigung der bestellten Produkte ben\u00f6tigt wird, wird selbst \u2013 Koc: \u201eWir haben das ganze Know-How im Haus\u201c \u2013 zusammengestellt \u2013 und alles \u201eMade in Germany\u201c. Variantenreich, perfekt durchgeplant nach einem Baukastenprinzip sind W\u00fcnsche schnell und nachhaltig umsetzbar, so Gesch\u00e4ftsf\u00fchrer Koc. An jedem Tag laute die Frage: \u201eWas kann ich besser machen?\u201c Und: \u201eSie m\u00fcssen von dem \u00fcberzeugt sein, was sie tun.\u201c<\/p>\n<p>Dass der Unternehmer demn\u00e4chst erweitern m\u00f6chte (und muss), verwunderte den B\u00fcrgermeister und den Vizelandrat nicht. \u201eWir werden dazu alle M\u00f6glichkeiten nat\u00fcrlich wohlwollend pr\u00fcfen\u201c, sagte B\u00fcrgermeister Weitzel zu.<\/p>\n<p>Beim \u00dcbergang Schule-Beruf will der Unternehmer Koc verst\u00e4rkt auf die Schulen zugehen, um f\u00fcr die Attraktivit\u00e4t technischer Berufe zu werben. \u00dcberdies sei das Verst\u00e4ndnis f\u00fcr die konkrete Praxis in vielen Schulen leider nicht besonders ausgepr\u00e4gt. Da werde er nicht locker lassen. Elektroniker, Industriemechaniker, Produktdesigner und Zerspanungsmechaniker kann man\/frau bei Somack lernen. \u201eDas ist sehr anspruchsvoll \u2013 und eine riesige Entwicklungschance f\u00fcr Abg\u00e4nger aller Schulformen\u201c, so Koc.<\/p>\n","protected":false},"excerpt":{"rendered":"<div class=\"tmnf_excerpt\"><p>\u201eMan kann in allen Abteilungen sp\u00fcren, dass hier Talente erkannt und gef\u00f6rdert werden.\u201c Das sagte Vizelandrat Dr. Jens Mischak im Gespr\u00e4ch mit Sinan Koc, dem Gesch\u00e4ftsf\u00fchrer der Somack Fertigungstechnik GmbH in M\u00fccke. An dem Firmenbesuch nahmen auch B\u00fcrgermeister Matthias Weitzel und Andrea Ortstadt, Betriebswirtin im Amt f\u00fcr Wirtschaftsf\u00f6rderung der Kreisverwaltung, teil. Zu den rund 15 &hellip;<\/p>\n<\/div>","protected":false},"author":1,"featured_media":160983,"comment_status":"closed","ping_status":"closed","sticky":false,"template":"","format":"standard","meta":{"footnotes":""},"categories":[1],"tags":[],"class_list":["post-160977","post","type-post","status-publish","format-standard","has-post-thumbnail","hentry","category-startseite"],"_links":{"self":[{"href":"https:\/\/www.fuldaernachrichten.de\/index.php?rest_route=\/wp\/v2\/posts\/160977","targetHints":{"allow":["GET"]}}],"collection":[{"href":"https:\/\/www.fuldaernachrichten.de\/index.php?rest_route=\/wp\/v2\/posts"}],"about":[{"href":"https:\/\/www.fuldaernachrichten.de\/index.php?rest_route=\/wp\/v2\/types\/post"}],"author":[{"embeddable":true,"href":"https:\/\/www.fuldaernachrichten.de\/index.php?rest_route=\/wp\/v2\/users\/1"}],"replies":[{"embeddable":true,"href":"https:\/\/www.fuldaernachrichten.de\/index.php?rest_route=%2Fwp%2Fv2%2Fcomments&post=160977"}],"version-history":[{"count":1,"href":"https:\/\/www.fuldaernachrichten.de\/index.php?rest_route=\/wp\/v2\/posts\/160977\/revisions"}],"predecessor-version":[{"id":160984,"href":"https:\/\/www.fuldaernachrichten.de\/index.php?rest_route=\/wp\/v2\/posts\/160977\/revisions\/160984"}],"wp:featuredmedia":[{"embeddable":true,"href":"https:\/\/www.fuldaernachrichten.de\/index.php?rest_route=\/wp\/v2\/media\/160983"}],"wp:attachment":[{"href":"https:\/\/www.fuldaernachrichten.de\/index.php?rest_route=%2Fwp%2Fv2%2Fmedia&parent=160977"}],"wp:term":[{"taxonomy":"category","embeddable":true,"href":"https:\/\/www.fuldaernachrichten.de\/index.php?rest_route=%2Fwp%2Fv2%2Fcategories&post=160977"},{"taxonomy":"post_tag","embeddable":true,"href":"https:\/\/www.fuldaernachrichten.de\/index.php?rest_route=%2Fwp%2Fv2%2Ftags&post=160977"}],"curies":[{"name":"wp","href":"https:\/\/api.w.org\/{rel}","templated":true}]}}