{"id":160974,"date":"2017-03-15T07:00:01","date_gmt":"2017-03-15T06:00:01","guid":{"rendered":"http:\/\/www.fuldaer-nachrichten.de\/?p=160974"},"modified":"2017-03-15T07:00:01","modified_gmt":"2017-03-15T06:00:01","slug":"zum-josefs-tag-ein-hochamt-mit-dem-caritaschor-65","status":"publish","type":"post","link":"https:\/\/www.fuldaernachrichten.de\/?p=160974","title":{"rendered":"Zum Josefs-Tag ein Hochamt mit dem CaritasChor 65+"},"content":{"rendered":"<p>Am dritten Fastensonntag, dem Josefs-Tag am 19. M\u00e4rz, findet ein besonderes Hochamt in der Fuldaer St. Lukas-Kirche auf dem Fuldaer Aschenberg statt: Bei dem Gottesdienst, der um 10:00 Uhr beginnt, wird sich alles um den Heiligen Josef drehen. Hauptzelebrant Pfarrer Uche Ugwueze begr\u00fc\u00dft diese thematische Ausrichtung, die auf Wunsch seiner Pfarrgemeinde vorgenommen wurde.<\/p>\n<p>&nbsp;<\/p>\n<p>Der Gottesdienst wird musikalisch umrahmt vom CaritasChor 65+ unter Leitung von Schwester Hildegard Wolters. In Anlehnung an die biblische Erz\u00e4hlung, dass der Heilige Josef mit Maria und Jesus nach \u00c4gypten fliehen musste, wird zudem das aktuelle Jahresthema des Deutschen Caritasverbandes \u201eZusammen sind wir Heimat\u201c thematisch anklingen, in der die Caritas f\u00fcr einen weit gefassten Heimatbegriff und eine gemeinsam gestaltete, tolerante und offene Gesellschaft mit Teilhabe-M\u00f6glichkeiten f\u00fcr Alle wirbt. Flucht und Verfolgung sind dann auch Themen, die in Gebeten und Liedern w\u00e4hrend des Gottesdienstes zum Ausdruck kommen.<\/p>\n<p>&nbsp;<\/p>\n<p>Der Caritas-Ressortleiter f\u00fcr Soziale Dienste und Gemeindecaritas, Franz J. Meyer, wird nach dem Gottesdienst mit einem Infostand und Materialien die Caritas-Jahreskampagne \u201eZusammen sind wir Heimat\u201c genauer vorstellen.<\/p>\n","protected":false},"excerpt":{"rendered":"<div class=\"tmnf_excerpt\"><p>Am dritten Fastensonntag, dem Josefs-Tag am 19. M\u00e4rz, findet ein besonderes Hochamt in der Fuldaer St. Lukas-Kirche auf dem Fuldaer Aschenberg statt: Bei dem Gottesdienst, der um 10:00 Uhr beginnt, wird sich alles um den Heiligen Josef drehen. Hauptzelebrant Pfarrer Uche Ugwueze begr\u00fc\u00dft diese thematische Ausrichtung, die auf Wunsch seiner Pfarrgemeinde vorgenommen wurde. &nbsp; Der &hellip;<\/p>\n<\/div>","protected":false},"author":1,"featured_media":0,"comment_status":"closed","ping_status":"closed","sticky":false,"template":"","format":"standard","meta":{"footnotes":""},"categories":[1],"tags":[],"class_list":["post-160974","post","type-post","status-publish","format-standard","hentry","category-startseite"],"_links":{"self":[{"href":"https:\/\/www.fuldaernachrichten.de\/index.php?rest_route=\/wp\/v2\/posts\/160974","targetHints":{"allow":["GET"]}}],"collection":[{"href":"https:\/\/www.fuldaernachrichten.de\/index.php?rest_route=\/wp\/v2\/posts"}],"about":[{"href":"https:\/\/www.fuldaernachrichten.de\/index.php?rest_route=\/wp\/v2\/types\/post"}],"author":[{"embeddable":true,"href":"https:\/\/www.fuldaernachrichten.de\/index.php?rest_route=\/wp\/v2\/users\/1"}],"replies":[{"embeddable":true,"href":"https:\/\/www.fuldaernachrichten.de\/index.php?rest_route=%2Fwp%2Fv2%2Fcomments&post=160974"}],"version-history":[{"count":1,"href":"https:\/\/www.fuldaernachrichten.de\/index.php?rest_route=\/wp\/v2\/posts\/160974\/revisions"}],"predecessor-version":[{"id":160997,"href":"https:\/\/www.fuldaernachrichten.de\/index.php?rest_route=\/wp\/v2\/posts\/160974\/revisions\/160997"}],"wp:attachment":[{"href":"https:\/\/www.fuldaernachrichten.de\/index.php?rest_route=%2Fwp%2Fv2%2Fmedia&parent=160974"}],"wp:term":[{"taxonomy":"category","embeddable":true,"href":"https:\/\/www.fuldaernachrichten.de\/index.php?rest_route=%2Fwp%2Fv2%2Fcategories&post=160974"},{"taxonomy":"post_tag","embeddable":true,"href":"https:\/\/www.fuldaernachrichten.de\/index.php?rest_route=%2Fwp%2Fv2%2Ftags&post=160974"}],"curies":[{"name":"wp","href":"https:\/\/api.w.org\/{rel}","templated":true}]}}