{"id":160973,"date":"2017-03-15T07:00:39","date_gmt":"2017-03-15T06:00:39","guid":{"rendered":"http:\/\/www.fuldaer-nachrichten.de\/?p=160973"},"modified":"2017-03-15T07:00:39","modified_gmt":"2017-03-15T06:00:39","slug":"internationales-tanzfest-fuer-frauen-war-voller-erfolg","status":"publish","type":"post","link":"https:\/\/www.fuldaernachrichten.de\/?p=160973","title":{"rendered":"Internationales Tanzfest f\u00fcr Frauen war voller Erfolg"},"content":{"rendered":"<p>\u201eZusammen tanzen \u2013 Zusammen feiern \u2013 Zusammenwachsen\u201c &#8211; so kann man die Atmosph\u00e4re des diesj\u00e4hrigen Internationalen Frauenfestes anl\u00e4sslich der Fuldaer Frauenwoche am vergangenen Freitag beschreiben.<\/p>\n<p>&nbsp;<\/p>\n<p>Frauengruppen aus Russland, Syrien, den Philippinen, der T\u00fcrkei, Somalia, Kenia, Afghanistan und Deutschland f\u00fchrten im Oratorium der alten Universit\u00e4t landestypische T\u00e4nze auf motivierten die Besucherinnen zum Mittanzen. Unter den Besucherinnen waren auch viele gefl\u00fcchtete Frauen zu finden. \u201eMehr als 250 Frauen haben ihrer gegenseitigen Akzeptanz f\u00fcr unterschiedliche Kulturen und Lebenswelten Ausdruck verliehen und gemeinsam ein tolles Tanzfest auf die Beine gestellt, das andere Frauen zum Mitmachen einl\u00e4dt\u201c, begr\u00fc\u00dfte Katharina Ro\u00dfbach, die Frauen- und Gleichstellungsbeauftragte der Stadt Fulda, die Anwesenden. Internationale Musik vom Plattenteller aus allen Teilen der Welt sorgte f\u00fcr eine super Stimmung, und bis zum Ende des Festes wurde ausgiebig getanzt und gefeiert.<\/p>\n<p>&nbsp;<\/p>\n<p>Das besondere Highlight des Festes war der Auftritt der philippinischen Frauen. Mit der philippinischen Version des \u201eEntentanzes\u201c rissen die temperamentvollen Frauen alle G\u00e4ste von den St\u00fchlen und luden zu einem lebhaften gemeinsamen Discovergn\u00fcgen ein.<\/p>\n<p>&nbsp;<\/p>\n<p>Die Frauen hatten f\u00fcr das Tanzfest auch ein reichhaltiges Angebot an kulinarischen Spezialit\u00e4ten aus ihren Herkunftsl\u00e4ndern zusammengetragen. Ein besonderes Angebot f\u00fcr die Frauen war das Spieleangebot f\u00fcr Kinder w\u00e4hrend des Festes, das vom M\u00fctterzentrum Die M\u00fctze e. V. organisiert wurde. Damit war es vielen Frauen m\u00f6glich, mit ihren Kindern an dem Fest teilzunehmen.<\/p>\n<p>&nbsp;<\/p>\n<p>Durch den Abend f\u00fchrte Ilona G\u00f6tz von der Arbeitsgruppe \u201eInternationale Frauen\u201c. Das Internationale Fest wird seit acht Jahren von der AG Internationale Frauen im Rahmen der Fuldaer Frauenwoche organsiert und ist ein fester Bestandteil des Programms geworden.<\/p>\n<p>&nbsp;<\/p>\n","protected":false},"excerpt":{"rendered":"<div class=\"tmnf_excerpt\"><p>\u201eZusammen tanzen \u2013 Zusammen feiern \u2013 Zusammenwachsen\u201c &#8211; so kann man die Atmosph\u00e4re des diesj\u00e4hrigen Internationalen Frauenfestes anl\u00e4sslich der Fuldaer Frauenwoche am vergangenen Freitag beschreiben. &nbsp; Frauengruppen aus Russland, Syrien, den Philippinen, der T\u00fcrkei, Somalia, Kenia, Afghanistan und Deutschland f\u00fchrten im Oratorium der alten Universit\u00e4t landestypische T\u00e4nze auf motivierten die Besucherinnen zum Mittanzen. Unter den &hellip;<\/p>\n<\/div>","protected":false},"author":1,"featured_media":160998,"comment_status":"closed","ping_status":"closed","sticky":false,"template":"","format":"gallery","meta":{"footnotes":""},"categories":[1],"tags":[],"class_list":["post-160973","post","type-post","status-publish","format-gallery","has-post-thumbnail","hentry","category-startseite","post_format-post-format-gallery"],"_links":{"self":[{"href":"https:\/\/www.fuldaernachrichten.de\/index.php?rest_route=\/wp\/v2\/posts\/160973","targetHints":{"allow":["GET"]}}],"collection":[{"href":"https:\/\/www.fuldaernachrichten.de\/index.php?rest_route=\/wp\/v2\/posts"}],"about":[{"href":"https:\/\/www.fuldaernachrichten.de\/index.php?rest_route=\/wp\/v2\/types\/post"}],"author":[{"embeddable":true,"href":"https:\/\/www.fuldaernachrichten.de\/index.php?rest_route=\/wp\/v2\/users\/1"}],"replies":[{"embeddable":true,"href":"https:\/\/www.fuldaernachrichten.de\/index.php?rest_route=%2Fwp%2Fv2%2Fcomments&post=160973"}],"version-history":[{"count":1,"href":"https:\/\/www.fuldaernachrichten.de\/index.php?rest_route=\/wp\/v2\/posts\/160973\/revisions"}],"predecessor-version":[{"id":161000,"href":"https:\/\/www.fuldaernachrichten.de\/index.php?rest_route=\/wp\/v2\/posts\/160973\/revisions\/161000"}],"wp:featuredmedia":[{"embeddable":true,"href":"https:\/\/www.fuldaernachrichten.de\/index.php?rest_route=\/wp\/v2\/media\/160998"}],"wp:attachment":[{"href":"https:\/\/www.fuldaernachrichten.de\/index.php?rest_route=%2Fwp%2Fv2%2Fmedia&parent=160973"}],"wp:term":[{"taxonomy":"category","embeddable":true,"href":"https:\/\/www.fuldaernachrichten.de\/index.php?rest_route=%2Fwp%2Fv2%2Fcategories&post=160973"},{"taxonomy":"post_tag","embeddable":true,"href":"https:\/\/www.fuldaernachrichten.de\/index.php?rest_route=%2Fwp%2Fv2%2Ftags&post=160973"}],"curies":[{"name":"wp","href":"https:\/\/api.w.org\/{rel}","templated":true}]}}