{"id":160972,"date":"2017-03-15T06:54:47","date_gmt":"2017-03-15T05:54:47","guid":{"rendered":"http:\/\/www.fuldaer-nachrichten.de\/?p=160972"},"modified":"2017-03-15T06:54:47","modified_gmt":"2017-03-15T05:54:47","slug":"dpsg-im-bistum-fulda-tagte-am-wochenende-in-roederhaid","status":"publish","type":"post","link":"https:\/\/www.fuldaernachrichten.de\/?p=160972","title":{"rendered":"DPSG im Bistum Fulda tagte am Wochenende in R\u00f6derhaid"},"content":{"rendered":"<p>Zur Di\u00f6zesanversammlung der Deutschen Pfadfinderschaft St. Georg (DPSG) trafen sich Pfadfinderinnen und Pfadfinder aus dem ganzen Bistum im Di\u00f6zesanzentrum R\u00f6derhaid, um das vergangene Jahr zu beleuchten und Beschl\u00fcsse f\u00fcr die Verbandszukunft zu treffen. Daf\u00fcr machten sich Delegierte aus Marburg und Witzenhausen ebenso auf den Weg in die Rh\u00f6n wie aus dem gesamten Main-Kinzig-Kreis und aus dem Fuldaer Land.<\/p>\n<p>&nbsp;<\/p>\n<p>Auf das Di\u00f6zesanlager auf dem Buchschirm in Hilders mit fast 700 DPSG\u00e2\u20ac\u2122lerinnen und DPSG\u00e2\u20ac\u2122lern wurde ebenso zur\u00fcckgeschaut wie auf zahlreiche Ausbildungs- und Vernetzungsveranstaltungen f\u00fcr die Leiterinnen und Leiter f\u00fcr die St\u00e4mme im Di\u00f6zesanverband. Auch im Dachverband BDKJ und auf DPSG-Bundesebene gab es im letzten Jahr starkes Engagement, f\u00fcr das sich der DPSG-Bundesvorsitzende Dominik Naab und Patrick Berg vom BDKJ-Di\u00f6zesanvorstand, die beide die Versammlung besuchten, herzlich bedankten.<\/p>\n<p>&nbsp;<\/p>\n<p>Neben der Wahl der Di\u00f6zesanvorsitzenden, die eine Best\u00e4tigung von Susanne Ratmann (W\u00e4chtersbach) f\u00fcr eine weitere Amtszeit von drei Jahren mit einem deutlichen Votum der Versammlung ergab, so dass sie auch im n\u00e4chsten Jahr zusammen mit Daniel Blasek (Hanau) und Kurat Sebastian Bieber (Fulda) die Geschicke der DPSG im Bistum Fulda leitet, standen die Planungen f\u00fcr die Zukunft im Mittelpunkt der Versammlung. So wurde nach einem basisdemokratischen Abstimmungsprozess das neue Di\u00f6zesanlogo des Verbandes vorgestellt, das sich gegen vier weitere Vorschl\u00e4ge deutlich durchsetzen konnte und nun das Au\u00dfenbild der DPSG im Bistum Fulda pr\u00e4gen wird. Die Versmallung beschloss im Rahmen der Antr\u00e4ge eine Neuauflage des Di\u00f6zesanlagers im Jahr 2020, die Besch\u00e4ftigung mit der Fragestellung, wie die Teilnahme an Gruppenstunden in Zeiten immer l\u00e4ngerer Schulnachmittage sichergestellt werden kann und die Pr\u00fcfung der M\u00f6glichkeit einer Begegnung mit s\u00fcdafrikanischen Pfadfinderinnen und Pfadfindern sowie die Einrichtung einer Internetplattform zum Informationsaustausch zwischen den Leiterinnen und Leitern.<\/p>\n<p>&nbsp;<\/p>\n<p>Als n\u00e4chste gro\u00dfe Aktionen stehen zum einen das 85-j\u00e4hrige Jubil\u00e4um der DPSG im Bistum Fulda an, das am Wochenende um den 24.6.2017 rund um das Pfadfinderzentrum R\u00f6derhaid mit einem bunten Fest f\u00fcr alle St\u00e4mme, alle Ehemaligen und alle der Pfadfinderei Verbundenen gefeiert wird, sowie die Aktion \u201eZukunftszeit \u2013 gemeinsam f\u00fcr ein buntes Land!\u201c des BDKJ an. Hierzu gab es einen Studienteil, bei dem Lisa Simla, Referentin f\u00fcr politische Bildung beim BDKJ Fulda, viele spannende Inputs zur Aktion mitbrachte. Alle Beteiligten waren sich einig, dass eine Beteiligung an der Aktion sinnvoll und n\u00f6tig ist.<\/p>\n<p>&nbsp;<\/p>\n<p>Nach einem spannenden und wegweisenden Wochenende endete mit dem traditionellen \u201eNehmt Abschied, Br\u00fcder!\u201c im Schlusskreis die Versammlung am Sonntagmittag.<\/p>\n","protected":false},"excerpt":{"rendered":"<div class=\"tmnf_excerpt\"><p>Zur Di\u00f6zesanversammlung der Deutschen Pfadfinderschaft St. Georg (DPSG) trafen sich Pfadfinderinnen und Pfadfinder aus dem ganzen Bistum im Di\u00f6zesanzentrum R\u00f6derhaid, um das vergangene Jahr zu beleuchten und Beschl\u00fcsse f\u00fcr die Verbandszukunft zu treffen. Daf\u00fcr machten sich Delegierte aus Marburg und Witzenhausen ebenso auf den Weg in die Rh\u00f6n wie aus dem gesamten Main-Kinzig-Kreis und aus &hellip;<\/p>\n<\/div>","protected":false},"author":1,"featured_media":160980,"comment_status":"closed","ping_status":"closed","sticky":false,"template":"","format":"standard","meta":{"footnotes":""},"categories":[1],"tags":[],"class_list":["post-160972","post","type-post","status-publish","format-standard","has-post-thumbnail","hentry","category-startseite"],"_links":{"self":[{"href":"https:\/\/www.fuldaernachrichten.de\/index.php?rest_route=\/wp\/v2\/posts\/160972","targetHints":{"allow":["GET"]}}],"collection":[{"href":"https:\/\/www.fuldaernachrichten.de\/index.php?rest_route=\/wp\/v2\/posts"}],"about":[{"href":"https:\/\/www.fuldaernachrichten.de\/index.php?rest_route=\/wp\/v2\/types\/post"}],"author":[{"embeddable":true,"href":"https:\/\/www.fuldaernachrichten.de\/index.php?rest_route=\/wp\/v2\/users\/1"}],"replies":[{"embeddable":true,"href":"https:\/\/www.fuldaernachrichten.de\/index.php?rest_route=%2Fwp%2Fv2%2Fcomments&post=160972"}],"version-history":[{"count":1,"href":"https:\/\/www.fuldaernachrichten.de\/index.php?rest_route=\/wp\/v2\/posts\/160972\/revisions"}],"predecessor-version":[{"id":160981,"href":"https:\/\/www.fuldaernachrichten.de\/index.php?rest_route=\/wp\/v2\/posts\/160972\/revisions\/160981"}],"wp:featuredmedia":[{"embeddable":true,"href":"https:\/\/www.fuldaernachrichten.de\/index.php?rest_route=\/wp\/v2\/media\/160980"}],"wp:attachment":[{"href":"https:\/\/www.fuldaernachrichten.de\/index.php?rest_route=%2Fwp%2Fv2%2Fmedia&parent=160972"}],"wp:term":[{"taxonomy":"category","embeddable":true,"href":"https:\/\/www.fuldaernachrichten.de\/index.php?rest_route=%2Fwp%2Fv2%2Fcategories&post=160972"},{"taxonomy":"post_tag","embeddable":true,"href":"https:\/\/www.fuldaernachrichten.de\/index.php?rest_route=%2Fwp%2Fv2%2Ftags&post=160972"}],"curies":[{"name":"wp","href":"https:\/\/api.w.org\/{rel}","templated":true}]}}