{"id":160971,"date":"2017-03-15T06:54:10","date_gmt":"2017-03-15T05:54:10","guid":{"rendered":"http:\/\/www.fuldaer-nachrichten.de\/?p=160971"},"modified":"2017-03-15T06:54:10","modified_gmt":"2017-03-15T05:54:10","slug":"abschlussfeier-fuer-11-jumo-auszubildende","status":"publish","type":"post","link":"https:\/\/www.fuldaernachrichten.de\/?p=160971","title":{"rendered":"Abschlussfeier f\u00fcr 11 JUMO-Auszubildende"},"content":{"rendered":"<p><strong>Zehn technische und eine kaufm\u00e4nnische Auszubildende der JUMO GmbH &amp; Co. KG haben ihre Pr\u00fcfungen erfolgreich bestanden und im Rahmen einer Feierstunde vom gesch\u00e4ftsf\u00fchrenden Gesellschafter Bernhard Juchheim und von Personalleiter Ralf Metschies ihre Zeugnisse erhalten. Den besten Abschluss erzielte David Aschenbr\u00fccker.<\/strong><\/p>\n<p>Bernhard Juchheim zeigte sich im Rahmen der Verabschiedung erfreut \u00fcber die guten Pr\u00fcfungsergebnisse: \u201eSie haben in den letzten Monaten sehr viel geleistet und jetzt den verdienten Lohn erhalten. Ihr Abschlusszeugnis ist der T\u00fcr\u00f6ffner in ein erfolgreiches Berufsleben.\u201c Qualifizierte Fachkr\u00e4fte h\u00e4tten in den n\u00e4chsten Jahren national und international optimale Aussichten. Auch JUMO biete beste Aufstiegsm\u00f6glichkeiten, wie die Auszeichnung mit dem Siegel \u201eTop Karriere Chancen\u201c des Magazins Focus zeige.<\/p>\n<p>Juchheim betonte dar\u00fcber hinaus die Notwendigkeit zum lebenslangen Lernen. \u201eDie beruflichen Anforderungen ver\u00e4ndern sich heute in einem atemberaubenden Tempo, nur wer immer am Ball bleibt, wird nicht abgeh\u00e4ngt.\u201c<\/p>\n<p>Der gesch\u00e4ftsf\u00fchrende JUMO-Gesellschafter Ausbildungsleitern Tamara Stauch und Frank Blasinger sowie den technischen Ausbildern Frank Decher, Thomas Plur, Sebastian Krenzer und Raphael Gutmann, die die Nachwuchsfachkr\u00e4fte in den letzten Jahren erfolgreich begleitet und hervorragend auf die Pr\u00fcfungen vorbereitet h\u00e4tten.<\/p>\n<p>Die elf Auszubildenden, die jetzt mit ihren Zeugnissen und Geschenken ins Berufsleben verabschiedet wurden, sind: Jonas Brehl (Elektroniker f\u00fcr Ger\u00e4te und Systeme), Jessica Usinger (Elektronikerin f\u00fcr Ger\u00e4te und Systeme), Christian K\u00f6hler (Elektroniker Betriebstechnik), Lukas Steinacker (Elektroniker Betriebstechnik), David Aschenbr\u00fccker (Industriemechaniker), Felix Bayer (Industriemechaniker), Johannes G\u00f6tz (Industriemechaniker), Peter Wiegand (Industriemechaniker), Niklas Schmelz (Werkzeugmechaniker), Jannik Stober (Werkzeugmechaniker), Julia Fr\u00e4drich (Industriekauffrau).<\/p>\n<p><strong>e<\/strong><\/p>\n","protected":false},"excerpt":{"rendered":"<div class=\"tmnf_excerpt\"><p>Zehn technische und eine kaufm\u00e4nnische Auszubildende der JUMO GmbH &amp; Co. KG haben ihre Pr\u00fcfungen erfolgreich bestanden und im Rahmen einer Feierstunde vom gesch\u00e4ftsf\u00fchrenden Gesellschafter Bernhard Juchheim und von Personalleiter Ralf Metschies ihre Zeugnisse erhalten. Den besten Abschluss erzielte David Aschenbr\u00fccker. Bernhard Juchheim zeigte sich im Rahmen der Verabschiedung erfreut \u00fcber die guten Pr\u00fcfungsergebnisse: \u201eSie &hellip;<\/p>\n<\/div>","protected":false},"author":1,"featured_media":160978,"comment_status":"closed","ping_status":"closed","sticky":false,"template":"","format":"standard","meta":{"footnotes":""},"categories":[1],"tags":[],"class_list":["post-160971","post","type-post","status-publish","format-standard","has-post-thumbnail","hentry","category-startseite"],"_links":{"self":[{"href":"https:\/\/www.fuldaernachrichten.de\/index.php?rest_route=\/wp\/v2\/posts\/160971","targetHints":{"allow":["GET"]}}],"collection":[{"href":"https:\/\/www.fuldaernachrichten.de\/index.php?rest_route=\/wp\/v2\/posts"}],"about":[{"href":"https:\/\/www.fuldaernachrichten.de\/index.php?rest_route=\/wp\/v2\/types\/post"}],"author":[{"embeddable":true,"href":"https:\/\/www.fuldaernachrichten.de\/index.php?rest_route=\/wp\/v2\/users\/1"}],"replies":[{"embeddable":true,"href":"https:\/\/www.fuldaernachrichten.de\/index.php?rest_route=%2Fwp%2Fv2%2Fcomments&post=160971"}],"version-history":[{"count":1,"href":"https:\/\/www.fuldaernachrichten.de\/index.php?rest_route=\/wp\/v2\/posts\/160971\/revisions"}],"predecessor-version":[{"id":160979,"href":"https:\/\/www.fuldaernachrichten.de\/index.php?rest_route=\/wp\/v2\/posts\/160971\/revisions\/160979"}],"wp:featuredmedia":[{"embeddable":true,"href":"https:\/\/www.fuldaernachrichten.de\/index.php?rest_route=\/wp\/v2\/media\/160978"}],"wp:attachment":[{"href":"https:\/\/www.fuldaernachrichten.de\/index.php?rest_route=%2Fwp%2Fv2%2Fmedia&parent=160971"}],"wp:term":[{"taxonomy":"category","embeddable":true,"href":"https:\/\/www.fuldaernachrichten.de\/index.php?rest_route=%2Fwp%2Fv2%2Fcategories&post=160971"},{"taxonomy":"post_tag","embeddable":true,"href":"https:\/\/www.fuldaernachrichten.de\/index.php?rest_route=%2Fwp%2Fv2%2Ftags&post=160971"}],"curies":[{"name":"wp","href":"https:\/\/api.w.org\/{rel}","templated":true}]}}