{"id":160964,"date":"2017-03-16T04:05:29","date_gmt":"2017-03-16T03:05:29","guid":{"rendered":"http:\/\/www.fuldaer-nachrichten.de\/?p=160964"},"modified":"2017-03-12T12:06:00","modified_gmt":"2017-03-12T11:06:00","slug":"treffen-fuer-politisch-inspirierte-bewegte-jugend-trifft-sich-im-gruenen","status":"publish","type":"post","link":"https:\/\/www.fuldaernachrichten.de\/?p=160964","title":{"rendered":"Treffen f\u00fcr Politisch Inspirierte &#8211; Bewegte Jugend trifft sich im Gr\u00fcnen"},"content":{"rendered":"<p>Die Gr\u00fcne Jugend Fulda l\u00e4dt insbesondere Jugendliche und junge Menschen bis 30 Jahre am kommenden Sonntag, 19.03.2017, um 19 Uhr in der Gesch\u00e4ftsstelle (Rabanusstra\u00dfe 35, Fulda) ein.<\/p>\n<p>Die bisherigen Themen und Erfahrungen der Gr\u00fcnen Jugend in der Stadt und im Landkreis Fulda sowie die geplanten Aktionen werden beim Treffen im Vordergrund stehen. Es gibt Informationen zum W-LAN in der Innenstadt sowie zur Erweiterung des Freien W-LAN durch die Gr\u00fcne Jugend. Beim Treffen am 19. M\u00e4rz sprechen wir au\u00dferdem die Entwicklungen in Bezug auf das hessenweiten Sch\u00fclerticket sowie den papierlosen Fahrkartenkauf an. \u00e2\u20ac\u00a8Einem kleinen Workshop zum Erstellen eines Flyers bzw. Posters folgt die Vorbereitung zur n\u00e4chsten politischen Stra\u00dfenaktion. Zum Mitmachen bei der Vorbereitung sowie bei der Aktion selbst sind alle Interessierten eingeladen.<\/p>\n<p>Hintergrund: Die Gr\u00fcne Jugend Fulda wurde am\u00c2\u00a0 31. April letzten Jahres von neun Mitgliedern gegr\u00fcndet. Um die Gr\u00fcne Jugend Fulda neu aufleben zu lassen, haben sich Ende Februar vier junge Menschen getroffen. Die wichtigsten Themen\u00c2\u00a0 hierbei waren die Werbung neuer Mitglieder und die zuk\u00fcnftigen Aktionen in Fulda.<br \/>\nZu Besuch war Bruno Nemec von der Gr\u00fcnen Jugend Wiesbaden da gewesen. Dieser konnte viel von seinen eigenen Erfahrungen in Wiesbaden berichten und gab damit neuen Input f\u00fcr die politische Arbeit in Fulda.<\/p>\n","protected":false},"excerpt":{"rendered":"<div class=\"tmnf_excerpt\"><p>Die Gr\u00fcne Jugend Fulda l\u00e4dt insbesondere Jugendliche und junge Menschen bis 30 Jahre am kommenden Sonntag, 19.03.2017, um 19 Uhr in der Gesch\u00e4ftsstelle (Rabanusstra\u00dfe 35, Fulda) ein. Die bisherigen Themen und Erfahrungen der Gr\u00fcnen Jugend in der Stadt und im Landkreis Fulda sowie die geplanten Aktionen werden beim Treffen im Vordergrund stehen. Es gibt Informationen &hellip;<\/p>\n<\/div>","protected":false},"author":1,"featured_media":0,"comment_status":"closed","ping_status":"closed","sticky":false,"template":"","format":"standard","meta":{"footnotes":""},"categories":[1],"tags":[],"class_list":["post-160964","post","type-post","status-publish","format-standard","hentry","category-startseite"],"_links":{"self":[{"href":"https:\/\/www.fuldaernachrichten.de\/index.php?rest_route=\/wp\/v2\/posts\/160964","targetHints":{"allow":["GET"]}}],"collection":[{"href":"https:\/\/www.fuldaernachrichten.de\/index.php?rest_route=\/wp\/v2\/posts"}],"about":[{"href":"https:\/\/www.fuldaernachrichten.de\/index.php?rest_route=\/wp\/v2\/types\/post"}],"author":[{"embeddable":true,"href":"https:\/\/www.fuldaernachrichten.de\/index.php?rest_route=\/wp\/v2\/users\/1"}],"replies":[{"embeddable":true,"href":"https:\/\/www.fuldaernachrichten.de\/index.php?rest_route=%2Fwp%2Fv2%2Fcomments&post=160964"}],"version-history":[{"count":1,"href":"https:\/\/www.fuldaernachrichten.de\/index.php?rest_route=\/wp\/v2\/posts\/160964\/revisions"}],"predecessor-version":[{"id":160965,"href":"https:\/\/www.fuldaernachrichten.de\/index.php?rest_route=\/wp\/v2\/posts\/160964\/revisions\/160965"}],"wp:attachment":[{"href":"https:\/\/www.fuldaernachrichten.de\/index.php?rest_route=%2Fwp%2Fv2%2Fmedia&parent=160964"}],"wp:term":[{"taxonomy":"category","embeddable":true,"href":"https:\/\/www.fuldaernachrichten.de\/index.php?rest_route=%2Fwp%2Fv2%2Fcategories&post=160964"},{"taxonomy":"post_tag","embeddable":true,"href":"https:\/\/www.fuldaernachrichten.de\/index.php?rest_route=%2Fwp%2Fv2%2Ftags&post=160964"}],"curies":[{"name":"wp","href":"https:\/\/api.w.org\/{rel}","templated":true}]}}