{"id":160956,"date":"2017-03-15T03:03:27","date_gmt":"2017-03-15T02:03:27","guid":{"rendered":"http:\/\/www.fuldaer-nachrichten.de\/?p=160956"},"modified":"2017-03-12T12:04:00","modified_gmt":"2017-03-12T11:04:00","slug":"latin-dance-fitness","status":"publish","type":"post","link":"https:\/\/www.fuldaernachrichten.de\/?p=160956","title":{"rendered":"Latin Dance Fitness"},"content":{"rendered":"<p>Latin Dance Fitness kombiniert Elemente des Fitness-, Cardio-\u00c2\u00a0 und Muskeltrainings mit Tanz und Rhythmus. Ein Kurs der Volkshochschule des Landkreises Fulda eignet sich f\u00fcr jeden, der Spa\u00df an der rhythmischen Bewegung hat. Beginn ist am Montag, 20. M\u00e4rz, im Dorfgemeinschaftshaus Weyhers. Info und Anmeldung mit Kursnummer VO2090510 unter www.vhs-fulda.de oder telefonisch beim B\u00fcrgerservice (0661)6006-1600.<\/p>\n","protected":false},"excerpt":{"rendered":"<div class=\"tmnf_excerpt\"><p>Latin Dance Fitness kombiniert Elemente des Fitness-, Cardio-\u00c2\u00a0 und Muskeltrainings mit Tanz und Rhythmus. Ein Kurs der Volkshochschule des Landkreises Fulda eignet sich f\u00fcr jeden, der Spa\u00df an der rhythmischen Bewegung hat. Beginn ist am Montag, 20. M\u00e4rz, im Dorfgemeinschaftshaus Weyhers. Info und Anmeldung mit Kursnummer VO2090510 unter www.vhs-fulda.de oder telefonisch beim B\u00fcrgerservice (0661)6006-1600.<\/p>\n<\/div>","protected":false},"author":1,"featured_media":0,"comment_status":"closed","ping_status":"closed","sticky":false,"template":"","format":"standard","meta":{"footnotes":""},"categories":[1],"tags":[],"class_list":["post-160956","post","type-post","status-publish","format-standard","hentry","category-startseite"],"_links":{"self":[{"href":"https:\/\/www.fuldaernachrichten.de\/index.php?rest_route=\/wp\/v2\/posts\/160956","targetHints":{"allow":["GET"]}}],"collection":[{"href":"https:\/\/www.fuldaernachrichten.de\/index.php?rest_route=\/wp\/v2\/posts"}],"about":[{"href":"https:\/\/www.fuldaernachrichten.de\/index.php?rest_route=\/wp\/v2\/types\/post"}],"author":[{"embeddable":true,"href":"https:\/\/www.fuldaernachrichten.de\/index.php?rest_route=\/wp\/v2\/users\/1"}],"replies":[{"embeddable":true,"href":"https:\/\/www.fuldaernachrichten.de\/index.php?rest_route=%2Fwp%2Fv2%2Fcomments&post=160956"}],"version-history":[{"count":1,"href":"https:\/\/www.fuldaernachrichten.de\/index.php?rest_route=\/wp\/v2\/posts\/160956\/revisions"}],"predecessor-version":[{"id":160957,"href":"https:\/\/www.fuldaernachrichten.de\/index.php?rest_route=\/wp\/v2\/posts\/160956\/revisions\/160957"}],"wp:attachment":[{"href":"https:\/\/www.fuldaernachrichten.de\/index.php?rest_route=%2Fwp%2Fv2%2Fmedia&parent=160956"}],"wp:term":[{"taxonomy":"category","embeddable":true,"href":"https:\/\/www.fuldaernachrichten.de\/index.php?rest_route=%2Fwp%2Fv2%2Fcategories&post=160956"},{"taxonomy":"post_tag","embeddable":true,"href":"https:\/\/www.fuldaernachrichten.de\/index.php?rest_route=%2Fwp%2Fv2%2Ftags&post=160956"}],"curies":[{"name":"wp","href":"https:\/\/api.w.org\/{rel}","templated":true}]}}