{"id":160938,"date":"2017-03-14T04:44:59","date_gmt":"2017-03-14T03:44:59","guid":{"rendered":"http:\/\/www.fuldaer-nachrichten.de\/?p=160938"},"modified":"2017-03-11T09:51:39","modified_gmt":"2017-03-11T08:51:39","slug":"freiwillige-feuerwehr-fulda-mitte-unterstuetzt-saeuberung-der-nistkaesten-am-gebaeude-der-vhs-geschaeftsstelle","status":"publish","type":"post","link":"https:\/\/www.fuldaernachrichten.de\/?p=160938","title":{"rendered":"Freiwillige Feuerwehr Fulda-Mitte unterst\u00fctzt S\u00e4uberung der Nistk\u00e4sten am Geb\u00e4ude der VHS-Gesch\u00e4ftsstelle"},"content":{"rendered":"<p>Mauersegler, Mehlschwalben, Flederm\u00e4use und sogar Sperlinge sind seit knapp zehn Jahren immer wieder \u201eUntermieter\u201c der Volkshochschule des Landkreises Fulda. Die V\u00f6gel und Fledertiere sind im Gallasiniring ausdr\u00fccklich willkommen. Denn das Ziel der Beherbergung in den Nistk\u00e4sten, die sich unter dem Dachvorsprung des VHS-Geb\u00e4udes befinden, lautet Artenschutz.<\/p>\n<p>Weil Ambiente, Sauberkeit und Wohlbefinden Faktoren sind, die dem Arterhaltungsauftrag dienlich sein k\u00f6nnen, wurden die Nistk\u00e4sten am vergangenen Wochenende in einer gut dreist\u00fcndigen Aktion gereinigt. F\u00fcnf Feuerwehrm\u00e4nner der Freiwilligen Feuerwehr Fulda-Mitte waren unter der Leitung des stellvertretenden Wehrf\u00fchrers Markus Wetter im Einsatz und befreiten die K\u00e4sten von Parasiten, Gras, Plastik, Federn und M\u00fcll.<\/p>\n<p>Da die Nistk\u00e4sten in luftiger H\u00f6he angebracht sind, waren ein L\u00f6schfahrzeug zur Stra\u00dfenabsperrung sowie ein Hubrettungsger\u00e4t mit Teleskopmast notwendig. F\u00fcr die Feuerwehrleute eine gute Gelegenheit, Naturschutz und Praxistraining miteinander zu verbinden. \u201eWir haben gerne unsere Hilfe bei dieser Aktion zugesagt\u201c, erkl\u00e4rt Markus Wetter. \u201eF\u00fcr uns war das auch eine gute M\u00f6glichkeit, das Anleitern der Drehleiter an H\u00e4user zur Menschenrettung zu trainieren.\u201c<\/p>\n<p>Unterst\u00fctzend anwesend waren J\u00f6rg Burkard, Erster Vorsitzender des Vereins f\u00fcr Naturkunde Osthessen, Petra Limpert, Beauftragte der Staatlichen Vogelschutzwarte f\u00fcr Hessen, Dieter Wehner, Hausmeister der VHS, sowie Natursch\u00fctzerin Sabine Frank, die die Reinigungsaktion initiiert hatte.<\/p>\n<p>\u201eDie Mauersegler kommen erst gegen Ende April zur\u00fcck. Da aber die Nester teilweise auch von Sperlingen belegt sind und diese langsam mit dem Nestbau beginnen, mussten wir jetzt handeln\u201c, erl\u00e4utert J\u00f6rg Burkard. Der Vereinsvorsitzende weist Privatleute, die selbst Nistk\u00e4sten haben, darauf hin, dass Reinigungsaktionen aufgrund der jetzigen Nestbauaktivit\u00e4ten in den Herbst verlegt werden sollten.<\/p>\n<p>Zwei Bio-M\u00fclltonnen haben die Feuerwehrleute beim Fr\u00fchjahrsputz gef\u00fcllt. Den \u201eVHS-Untermietern\u201c d\u00fcrfte das saubere Zuhause gefallen. Ob es sich auch ad\u00e4quat auf die Nachwuchssicherung auswirkt, wird das Fr\u00fchjahr zeigen.<\/p>\n","protected":false},"excerpt":{"rendered":"<div class=\"tmnf_excerpt\"><p>Mauersegler, Mehlschwalben, Flederm\u00e4use und sogar Sperlinge sind seit knapp zehn Jahren immer wieder \u201eUntermieter\u201c der Volkshochschule des Landkreises Fulda. Die V\u00f6gel und Fledertiere sind im Gallasiniring ausdr\u00fccklich willkommen. Denn das Ziel der Beherbergung in den Nistk\u00e4sten, die sich unter dem Dachvorsprung des VHS-Geb\u00e4udes befinden, lautet Artenschutz. Weil Ambiente, Sauberkeit und Wohlbefinden Faktoren sind, die dem &hellip;<\/p>\n<\/div>","protected":false},"author":1,"featured_media":160944,"comment_status":"closed","ping_status":"closed","sticky":false,"template":"","format":"standard","meta":{"footnotes":""},"categories":[1],"tags":[],"class_list":["post-160938","post","type-post","status-publish","format-standard","has-post-thumbnail","hentry","category-startseite"],"_links":{"self":[{"href":"https:\/\/www.fuldaernachrichten.de\/index.php?rest_route=\/wp\/v2\/posts\/160938","targetHints":{"allow":["GET"]}}],"collection":[{"href":"https:\/\/www.fuldaernachrichten.de\/index.php?rest_route=\/wp\/v2\/posts"}],"about":[{"href":"https:\/\/www.fuldaernachrichten.de\/index.php?rest_route=\/wp\/v2\/types\/post"}],"author":[{"embeddable":true,"href":"https:\/\/www.fuldaernachrichten.de\/index.php?rest_route=\/wp\/v2\/users\/1"}],"replies":[{"embeddable":true,"href":"https:\/\/www.fuldaernachrichten.de\/index.php?rest_route=%2Fwp%2Fv2%2Fcomments&post=160938"}],"version-history":[{"count":1,"href":"https:\/\/www.fuldaernachrichten.de\/index.php?rest_route=\/wp\/v2\/posts\/160938\/revisions"}],"predecessor-version":[{"id":160946,"href":"https:\/\/www.fuldaernachrichten.de\/index.php?rest_route=\/wp\/v2\/posts\/160938\/revisions\/160946"}],"wp:featuredmedia":[{"embeddable":true,"href":"https:\/\/www.fuldaernachrichten.de\/index.php?rest_route=\/wp\/v2\/media\/160944"}],"wp:attachment":[{"href":"https:\/\/www.fuldaernachrichten.de\/index.php?rest_route=%2Fwp%2Fv2%2Fmedia&parent=160938"}],"wp:term":[{"taxonomy":"category","embeddable":true,"href":"https:\/\/www.fuldaernachrichten.de\/index.php?rest_route=%2Fwp%2Fv2%2Fcategories&post=160938"},{"taxonomy":"post_tag","embeddable":true,"href":"https:\/\/www.fuldaernachrichten.de\/index.php?rest_route=%2Fwp%2Fv2%2Ftags&post=160938"}],"curies":[{"name":"wp","href":"https:\/\/api.w.org\/{rel}","templated":true}]}}