{"id":160935,"date":"2017-03-14T05:41:15","date_gmt":"2017-03-14T04:41:15","guid":{"rendered":"http:\/\/www.fuldaer-nachrichten.de\/?p=160935"},"modified":"2017-03-11T09:45:21","modified_gmt":"2017-03-11T08:45:21","slug":"wohnkomfort-erhoehen-energie-sparen","status":"publish","type":"post","link":"https:\/\/www.fuldaernachrichten.de\/?p=160935","title":{"rendered":"Wohnkomfort erh\u00f6hen \u2013 Energie sparen"},"content":{"rendered":"<p>Wie lassen sich \u00e4ltere H\u00e4user energetisch sanieren? Wo kann ich im Alltag Energie sparen, ohne auf Komfort zu verzichten? Vom 16.3. bis 19.3.2017, jeweils 10 bis 18 Uhr informieren die Energieberater der Verbraucherzentrale Hessen auf der trend-messe Heim Handwerk Zukunft, in Halle 3, Stand 313.<\/p>\n<p>Die Energieberater beantworten Ihre Fragen zu Themen wie Haustechnik, baulicher W\u00e4rme- und Hitzeschutz, Stromverbrauch, Erneuerbare Energien, F\u00f6rderprogramme, Wechsel des Energieversorgers\u00c2\u00a0 sowie zu den Energie-Checks.<\/p>\n<p>Wer bereits Energiesparma\u00dfnahmen im Haushalt umgesetzt hat, fragt sich, ob es noch weitere Einsparm\u00f6glichkeiten gibt, ohne dabei auf den gewohnten Komfort verzichten zu m\u00fcssen. Dazu bietet die die Verbraucherzentrale Hessen folgende Vortr\u00e4ge an:<br \/>\nSamstag, 18.03.2017, 15:30 \u2013 16.30 Uhr, Vortragsraum 2, Geb\u00e4ude Messeleitung: \u201eNiedrigenergiehaus, KfW-Haus, Energie-Plus-Haus, Sonnenhaus, Passivhaus\u201c &#8211; Was verbirgt sich hinter den Bezeichnungen? Was hat man davon, einen dieser Standards zu erreichen?<\/p>\n<p>Sonntag, 19.03.2017, 15:45 \u2013 16.45 Uhr, Vortragsraum 1, \u00fcberdachtes Freigel\u00e4nde: \u201eEnergetische Sanierung \u00e4lterer H\u00e4user\u201c \u2013 Verbesserung der Behaglichkeit und Wohnqualit\u00e4t, Energie und Kosten sparen sowie aktuelle F\u00f6rderprogramme.<br \/>\nIm Anschluss an die Vortr\u00e4ge ist eine Diskussion geplant und es besteht die M\u00f6glichkeit, Fragen zu stellen. Die Vereinbarung von individuellen Beratungsterminen f\u00fcr die station\u00e4re Energieeinsparberatung oder f\u00fcr Energie-Checks ist ebenfalls m\u00f6glich.<br \/>\nDie Teilnahme am Vortrag ist kostenfrei. Eine Anmeldung ist nicht erforderlich.<\/p>\n","protected":false},"excerpt":{"rendered":"<div class=\"tmnf_excerpt\"><p>Wie lassen sich \u00e4ltere H\u00e4user energetisch sanieren? Wo kann ich im Alltag Energie sparen, ohne auf Komfort zu verzichten? Vom 16.3. bis 19.3.2017, jeweils 10 bis 18 Uhr informieren die Energieberater der Verbraucherzentrale Hessen auf der trend-messe Heim Handwerk Zukunft, in Halle 3, Stand 313. Die Energieberater beantworten Ihre Fragen zu Themen wie Haustechnik, baulicher &hellip;<\/p>\n<\/div>","protected":false},"author":1,"featured_media":0,"comment_status":"closed","ping_status":"closed","sticky":false,"template":"","format":"standard","meta":{"footnotes":""},"categories":[1],"tags":[],"class_list":["post-160935","post","type-post","status-publish","format-standard","hentry","category-startseite"],"_links":{"self":[{"href":"https:\/\/www.fuldaernachrichten.de\/index.php?rest_route=\/wp\/v2\/posts\/160935","targetHints":{"allow":["GET"]}}],"collection":[{"href":"https:\/\/www.fuldaernachrichten.de\/index.php?rest_route=\/wp\/v2\/posts"}],"about":[{"href":"https:\/\/www.fuldaernachrichten.de\/index.php?rest_route=\/wp\/v2\/types\/post"}],"author":[{"embeddable":true,"href":"https:\/\/www.fuldaernachrichten.de\/index.php?rest_route=\/wp\/v2\/users\/1"}],"replies":[{"embeddable":true,"href":"https:\/\/www.fuldaernachrichten.de\/index.php?rest_route=%2Fwp%2Fv2%2Fcomments&post=160935"}],"version-history":[{"count":1,"href":"https:\/\/www.fuldaernachrichten.de\/index.php?rest_route=\/wp\/v2\/posts\/160935\/revisions"}],"predecessor-version":[{"id":160939,"href":"https:\/\/www.fuldaernachrichten.de\/index.php?rest_route=\/wp\/v2\/posts\/160935\/revisions\/160939"}],"wp:attachment":[{"href":"https:\/\/www.fuldaernachrichten.de\/index.php?rest_route=%2Fwp%2Fv2%2Fmedia&parent=160935"}],"wp:term":[{"taxonomy":"category","embeddable":true,"href":"https:\/\/www.fuldaernachrichten.de\/index.php?rest_route=%2Fwp%2Fv2%2Fcategories&post=160935"},{"taxonomy":"post_tag","embeddable":true,"href":"https:\/\/www.fuldaernachrichten.de\/index.php?rest_route=%2Fwp%2Fv2%2Ftags&post=160935"}],"curies":[{"name":"wp","href":"https:\/\/api.w.org\/{rel}","templated":true}]}}