{"id":160930,"date":"2017-03-14T05:33:50","date_gmt":"2017-03-14T04:33:50","guid":{"rendered":"http:\/\/www.fuldaer-nachrichten.de\/?p=160930"},"modified":"2017-03-11T09:44:46","modified_gmt":"2017-03-11T08:44:46","slug":"frauenweltenteppich-im-landratsamt-ausgestellt","status":"publish","type":"post","link":"https:\/\/www.fuldaernachrichten.de\/?p=160930","title":{"rendered":"FrauenWeltenTeppich im Landratsamt ausgestellt"},"content":{"rendered":"<p>Der Sitzungssaal im Lauterbacher Landratsamt wurde am Weltfrauentag zum kreativen Mittelpunkt. M\u00e4dchen und Frauen waren zum Mitsticken am \u201eFrauenWeltenTeppich\u201c eingeladen. Gleichstellungsbeauftragte Magdalena Pitzer (auf dem Foto hinten rechts) konnte als\u00c2\u00a0 Koordinatorin der Frauenwoche zahlreiche Frauen in den R\u00e4umen der Kreisverwaltung begr\u00fc\u00dfen. Fast 10 Meter des bereits fertiggestellten Teppich schm\u00fccken derzeit den Flur im 1. Obergeschoss des Landratsamtes in Lauterbach.<\/p>\n<p>Dieses textile Kunstwerk kann noch bis Mittwoch n\u00e4chster Woche im Kreishaus bewundert werden.<\/p>\n<p>Am 15. M\u00e4rz treffen sich die Stickerinnen noch einmal von 14.00 bis 18.00 Uhr im Sitzungssaal der Kreisverwaltung in Lauterbach und jede Besucherin darf, wenn sie m\u00f6chte, gleich selbst am aktuellen Teilst\u00fcck mitwirken. Au\u00dferdem geben die \u201eNadelf\u00fchrenden\u201c gerne eine Einf\u00fchrung zur Entstehung der Motive und vermitteln die Sticktechniken direkt am Objekt.<\/p>\n<p>Begonnen hat dieses interaktive Kunstwerk vor 15 Jahren durch den Einsatz vieler Frauen, die mit Materialspenden, Recherchen und unz\u00e4hligen Arbeitsstunden ihre Kreativit\u00e4t rund um das Thema \u201eFrau sein\u201c zum Ausdruck gebracht haben. Zu den Bildmotiven kann im Laufe der Arbeit jede Mitarbeiterin ihre eigenen Gedankenbilder hinzuf\u00fcgen, mit eigenen Entw\u00fcrfen oder kreativer Unterst\u00fctzung.<br \/>\nAls pers\u00f6nlichen Aspekt des Gemeinschaftswerks d\u00fcrfen alle Frauen &#8211; wenn sie wollen- zuerst ihren Namen in den durchg\u00e4ngigen \u201eRoten Faden\u201c sticken. Schon heute sind dort mehr als 50 Frauennamen zu<br \/>\nfinden!<\/p>\n<p>W\u00f6chentliche Workshops, die Internetseite \u201ewww.frauenweltenteppich.de\u201c, sowie die Facebookseite \u201eWomen\u00e2\u20ac\u2122s Tapestry Of History\u201c halten die Kontinuit\u00e4t lebendig und jede flinke Hand und jedes betrachtende Auge sind willkommen, sei es regelm\u00e4\u00dfig, gelegentlich oder einmalig.<\/p>\n","protected":false},"excerpt":{"rendered":"<div class=\"tmnf_excerpt\"><p>Der Sitzungssaal im Lauterbacher Landratsamt wurde am Weltfrauentag zum kreativen Mittelpunkt. M\u00e4dchen und Frauen waren zum Mitsticken am \u201eFrauenWeltenTeppich\u201c eingeladen. Gleichstellungsbeauftragte Magdalena Pitzer (auf dem Foto hinten rechts) konnte als\u00c2\u00a0 Koordinatorin der Frauenwoche zahlreiche Frauen in den R\u00e4umen der Kreisverwaltung begr\u00fc\u00dfen. Fast 10 Meter des bereits fertiggestellten Teppich schm\u00fccken derzeit den Flur im 1. Obergeschoss &hellip;<\/p>\n<\/div>","protected":false},"author":1,"featured_media":160936,"comment_status":"closed","ping_status":"closed","sticky":false,"template":"","format":"standard","meta":{"footnotes":""},"categories":[1],"tags":[],"class_list":["post-160930","post","type-post","status-publish","format-standard","has-post-thumbnail","hentry","category-startseite"],"_links":{"self":[{"href":"https:\/\/www.fuldaernachrichten.de\/index.php?rest_route=\/wp\/v2\/posts\/160930","targetHints":{"allow":["GET"]}}],"collection":[{"href":"https:\/\/www.fuldaernachrichten.de\/index.php?rest_route=\/wp\/v2\/posts"}],"about":[{"href":"https:\/\/www.fuldaernachrichten.de\/index.php?rest_route=\/wp\/v2\/types\/post"}],"author":[{"embeddable":true,"href":"https:\/\/www.fuldaernachrichten.de\/index.php?rest_route=\/wp\/v2\/users\/1"}],"replies":[{"embeddable":true,"href":"https:\/\/www.fuldaernachrichten.de\/index.php?rest_route=%2Fwp%2Fv2%2Fcomments&post=160930"}],"version-history":[{"count":1,"href":"https:\/\/www.fuldaernachrichten.de\/index.php?rest_route=\/wp\/v2\/posts\/160930\/revisions"}],"predecessor-version":[{"id":160937,"href":"https:\/\/www.fuldaernachrichten.de\/index.php?rest_route=\/wp\/v2\/posts\/160930\/revisions\/160937"}],"wp:featuredmedia":[{"embeddable":true,"href":"https:\/\/www.fuldaernachrichten.de\/index.php?rest_route=\/wp\/v2\/media\/160936"}],"wp:attachment":[{"href":"https:\/\/www.fuldaernachrichten.de\/index.php?rest_route=%2Fwp%2Fv2%2Fmedia&parent=160930"}],"wp:term":[{"taxonomy":"category","embeddable":true,"href":"https:\/\/www.fuldaernachrichten.de\/index.php?rest_route=%2Fwp%2Fv2%2Fcategories&post=160930"},{"taxonomy":"post_tag","embeddable":true,"href":"https:\/\/www.fuldaernachrichten.de\/index.php?rest_route=%2Fwp%2Fv2%2Ftags&post=160930"}],"curies":[{"name":"wp","href":"https:\/\/api.w.org\/{rel}","templated":true}]}}