{"id":160921,"date":"2017-03-14T07:23:51","date_gmt":"2017-03-14T06:23:51","guid":{"rendered":"http:\/\/www.fuldaer-nachrichten.de\/?p=160921"},"modified":"2017-03-11T09:40:41","modified_gmt":"2017-03-11T08:40:41","slug":"jusos-fulda-starten-mit-voller-staerke-und-hoch-motiviert-in-den-bundestagswahlkampf","status":"publish","type":"post","link":"https:\/\/www.fuldaernachrichten.de\/?p=160921","title":{"rendered":"Jusos Fulda starten mit voller St\u00e4rke und hoch motiviert in den Bundestagswahlkampf"},"content":{"rendered":"<p>Die Jusos aus dem Unterbezirk Fulda starten in den Bundestagswahlkampf so stark und motiviert, wie lange nicht. Viele neue Gesichter und allgemein Interessierte, die sich aktiv mit einbringen und sich f\u00fcr verschiedenste Themen aus der Kommune, aus Hessen oder aus der Bundespolitik interessieren, sind nach Fabian Scheibelhut (Vorsitzender der Jusos aus dem Landkreis Fulda) eine gro\u00dfe Bereicherung f\u00fcr die Jusos, f\u00fcr die SPD und nicht zuletzt, f\u00fcr die Demokratie. Auch die Pl\u00e4ne von Martin Schulz bzgl. einer Agenda-Korrektur verteidigen sie.<\/p>\n<p>\u201eEinfach toll, wie viele jugendliche Neumitglieder wir in der letzten Zeit bei uns begr\u00fc\u00dfen durften! Fast w\u00f6chentlich bekommen wir neue Mitgliedsantr\u00e4ge. \u201c, freut sich Fabian Scheibelhut, \u201e Es ist toll zu sehen, dass es so langsam in der Jugend ein Trend gibt, sich wieder aktiv in den Parteien mit einzubringen und zu versuchen, das t\u00e4gliche Leben vor Ort demokratisch mitzupr\u00e4gen.\u201c<\/p>\n<p>Seitdem bekannt ist, dass Martin Schulz Kanzlerkandidat f\u00fcr die SPD ist, Donald Trump in den USA nach Ansicht der Jusos die Welt buchst\u00e4blich \u201egef\u00e4hrlich auf den Kopf stellt\u201c und auch in Frankreich Rechtspopulisten in Umfragen f\u00fchren, sind viele Jugendliche nicht mehr zu bremsen und nehmen Kontakt zu der SPD und den Jusos auf. \u201eNat\u00fcrlich freue ich mich, dass wir in erster Linie diesen Trend sp\u00fcren, aber ich hoffe auch, dass andere Parteien ebenfalls diesen Trend erfahren. Nichts macht in der Politik mehr Spa\u00df, als zu sehen, wenn sich die verschiedensten Personen mit unterschiedlichen Positionen demokratisch am Entscheidungsprozess beteiligen.\u201c, erg\u00e4nzt Scheibelhut.<\/p>\n<p>\u201eTeilweise sind die Parteib\u00fccher, die f\u00fcr Neumitglieder ausgestellt werden, schon knapp geworden. Uns freut das sehr. Es zeigt, dass unsere Positionen fruchten und wir so nun noch st\u00e4rker in den Wahlkampf starten k\u00f6nnen.\u201c, so Philipp Ebert (stellvertretender Juso-Vorsitzender). \u201eWie wir auf unserer Unterbezirkskonferenz beschlossen haben, wollen wir uns f\u00fcr den Wahlkampf gerade mit den Themen gute Arbeit &amp; gerechte L\u00f6hne, soziale Gerechtigkeit sowie der Bek\u00e4mpfung von Altersarmut besch\u00e4ftigen. Aber auch die Themen der Erhaltung und F\u00f6rderung der heimischen Arbeitspl\u00e4tze, dem Wohlergehen der Region, kulturell sowie wirtschaftlich und Jugendliche f\u00fcr Politik zu begeistern sind bei uns im Vordergrund.\u201c<\/p>\n<p>Bei den Jusos findet die Idee von Martin Schulz, die Agenda 2010 teilweise zu korrigieren, auf Unterst\u00fctzung. Die Kritik seitens konservativer Kreise finden sie ungerechtfertigt. Nach Ansicht der Jusos unterst\u00fctzt Martin Schulz mit dieser Idee\u00c2\u00a0 genau das, was der \u00d6konom Keynes als wirtschaftspolitische Empfehlung anstie\u00df und was das Stabilit\u00e4ts- und Wachstumsgesetz aus 1967 voraussetzt: Gezielt Angebot und Nachfrage zu steuern, um langfristigen Wohlstand zu sichern. Dadurch k\u00f6nnte gerade die Mittelschicht profitieren, was wiederum die Kaufkraft der Bev\u00f6lkerung st\u00e4rkt. Das w\u00fcrde zu mehr Nachfrage und mehr Einnahmen bei den Unternehmen f\u00fchren.<\/p>\n<p>Den Jusos aus dem Landkreis Fulda ist es weiterhin wichtig, dass sich, seitens der Bundespolitik, mehr f\u00fcr jugendliche Belange im Bezug auf die Ausbildung eingesetzt wird. Gerade nach der Ausbildung ist es f\u00fcr viele wichtig, eine sichere Zukunft zu haben um sich eine Familie aufbauen zu k\u00f6nnen, finden die Jusos. Aus diesem Grund sagen sie auch hier, dass Zeitarbeitsvertr\u00e4ge beschr\u00e4nkt werden m\u00fcssen, da sich ohne eine Beschr\u00e4nkung, viele sonst nie wirklich sicher sein k\u00f6nnen, wie es in der Zukunft weitergehen soll und diese auch gestaltet werden kann. Gerade das, w\u00fcrde auch hier f\u00fcr mehr Wohlstand und einer damit verbundenen besseren Kaufkraft einhergehen \u2013 so die Jusos.<\/p>\n","protected":false},"excerpt":{"rendered":"<div class=\"tmnf_excerpt\"><p>Die Jusos aus dem Unterbezirk Fulda starten in den Bundestagswahlkampf so stark und motiviert, wie lange nicht. Viele neue Gesichter und allgemein Interessierte, die sich aktiv mit einbringen und sich f\u00fcr verschiedenste Themen aus der Kommune, aus Hessen oder aus der Bundespolitik interessieren, sind nach Fabian Scheibelhut (Vorsitzender der Jusos aus dem Landkreis Fulda) eine &hellip;<\/p>\n<\/div>","protected":false},"author":1,"featured_media":0,"comment_status":"closed","ping_status":"closed","sticky":false,"template":"","format":"standard","meta":{"footnotes":""},"categories":[1],"tags":[],"class_list":["post-160921","post","type-post","status-publish","format-standard","hentry","category-startseite"],"_links":{"self":[{"href":"https:\/\/www.fuldaernachrichten.de\/index.php?rest_route=\/wp\/v2\/posts\/160921","targetHints":{"allow":["GET"]}}],"collection":[{"href":"https:\/\/www.fuldaernachrichten.de\/index.php?rest_route=\/wp\/v2\/posts"}],"about":[{"href":"https:\/\/www.fuldaernachrichten.de\/index.php?rest_route=\/wp\/v2\/types\/post"}],"author":[{"embeddable":true,"href":"https:\/\/www.fuldaernachrichten.de\/index.php?rest_route=\/wp\/v2\/users\/1"}],"replies":[{"embeddable":true,"href":"https:\/\/www.fuldaernachrichten.de\/index.php?rest_route=%2Fwp%2Fv2%2Fcomments&post=160921"}],"version-history":[{"count":1,"href":"https:\/\/www.fuldaernachrichten.de\/index.php?rest_route=\/wp\/v2\/posts\/160921\/revisions"}],"predecessor-version":[{"id":160931,"href":"https:\/\/www.fuldaernachrichten.de\/index.php?rest_route=\/wp\/v2\/posts\/160921\/revisions\/160931"}],"wp:attachment":[{"href":"https:\/\/www.fuldaernachrichten.de\/index.php?rest_route=%2Fwp%2Fv2%2Fmedia&parent=160921"}],"wp:term":[{"taxonomy":"category","embeddable":true,"href":"https:\/\/www.fuldaernachrichten.de\/index.php?rest_route=%2Fwp%2Fv2%2Fcategories&post=160921"},{"taxonomy":"post_tag","embeddable":true,"href":"https:\/\/www.fuldaernachrichten.de\/index.php?rest_route=%2Fwp%2Fv2%2Ftags&post=160921"}],"curies":[{"name":"wp","href":"https:\/\/api.w.org\/{rel}","templated":true}]}}