{"id":160917,"date":"2017-03-14T05:22:56","date_gmt":"2017-03-14T04:22:56","guid":{"rendered":"http:\/\/www.fuldaer-nachrichten.de\/?p=160917"},"modified":"2017-03-11T09:23:49","modified_gmt":"2017-03-11T08:23:49","slug":"freisprechungsfeier-der-innung-des-kraftfahrzeuggewerbes-fulda-autoberufe-mit-besten-chancen","status":"publish","type":"post","link":"https:\/\/www.fuldaernachrichten.de\/?p=160917","title":{"rendered":"Freisprechungsfeier der Innung des Kraftfahrzeuggewerbes Fulda &#8211; Autoberufe mit besten Chancen"},"content":{"rendered":"<p>Dass Berufe rund um die Automobilwirtschaft beste Zukunftschancen haben, wurde im Rahmen der diesj\u00e4hrigen Gesellenbrief\u00fcbergabe der Innung des Kraftfahrzeuggewerbes Fulda deutlich.\u00c2\u00a0 Innungsobermeister Thorsten Kr\u00e4mer hatte zur traditionellen Freisprechungsfeier die 50 erfolgreichen Teilnehmer an der Abschlusspr\u00fcfung zur feierlichen \u00dcbergabe der Gesellenbriefe in die Ferdinand-Braun-Schule Fulda eingeladen. Kr\u00e4mer lobte das hohe Ausbildungsniveau in den Innungsbetrieben und sah darin Ausdruck der Leistungsf\u00e4higkeit der regionalen Autoh\u00e4user.<\/p>\n<p>Gesch\u00e4ftsf\u00fchrer Dietmar Weidenb\u00f6rner von der Kreishandwerkerschaft Fulda sprach in seinem Gru\u00dfwort von den besonderen St\u00e4rken der mittelst\u00e4ndischen Handwerksbetriebe. Berufsausbildung und Nachwuchsf\u00f6rderung bilden nach seiner Auffassung die Grundlage f\u00fcr wirtschaftliche Stabilit\u00e4t. Angesichts des enormen Entwicklungspotentials sieht Weidenb\u00f6rner hervorragende Chancen f\u00fcr eine berufliche Karriere im Kfz.-Handwerk.<\/p>\n<p>Auszeichnungen gab es f\u00fcr besondere Pr\u00fcfungsleistungen. Die beste Pr\u00fcfung legte Tom Gensler, ausgebildet bei EDAG in Fulda, ab. Ihm folgten Erik Mohr vom Ausbildungsbetrieb Dr\u00f6der, K\u00fcnzell, und Markus Ebert, ausgebildet im Autohaus Kunzmann, Fulda.\u00c2\u00a0 F\u00fcr die BBZ Mitte GmbH gratulierte Abteilungsleiter Alexander Kress. Bei den \u00fcberbetrieblichen Ausbildungslehrg\u00e4ngen erzielten Tom Gensler und Erik Mohr die besten Ergebnisse.<\/p>\n<p>Bild: \u00e2\u20ac\u00a8von l.: Thorsten Kr\u00e4mer, Erik Mohr, Tom Gensler, Dietmar Weidenb\u00f6rner, Martin Deuter (Mitglied des Gesellenpr\u00fcfungsausschusses), Alexander Kress (es fehlt Markus Ebert)<\/p>\n<p>Gesellenpr\u00fcfung Kraftfahrzeugmechatroniker<\/p>\n<p>Auszubildender\u00c2\u00a0\u00c2\u00a0 \u00c2\u00a0\u00c2\u00a0\u00c2\u00a0 \u00c2\u00a0Ausbildungsbetrieb<br \/>\n1.\u00c2\u00a0\u00c2\u00a0 \u00c2\u00a0Augustyniak, David\u00c2\u00a0\u00c2\u00a0 \u00c2\u00a0\u00c2\u00a0\u00c2\u00a0 \u00c2\u00a0IAC GmbH, Petersberg<br \/>\n2.\u00c2\u00a0\u00c2\u00a0 \u00c2\u00a0Ebert, Markus\u00c2\u00a0\u00c2\u00a0 \u00c2\u00a0\u00c2\u00a0\u00c2\u00a0 \u00c2\u00a0\u00c2\u00a0\u00c2\u00a0 \u00c2\u00a0Kunzmann Fulda GmbH &amp; Co. KG, Fulda<br \/>\n3.\u00c2\u00a0\u00c2\u00a0 \u00c2\u00a0Ebert, Gregor\u00c2\u00a0\u00c2\u00a0 \u00c2\u00a0\u00c2\u00a0\u00c2\u00a0 \u00c2\u00a0\u00c2\u00a0\u00c2\u00a0 \u00c2\u00a0Kunzmann Fulda GmbH &amp; Co. KG, Fulda<br \/>\n4.\u00c2\u00a0\u00c2\u00a0 \u00c2\u00a0Fladung, Marek\u00c2\u00a0\u00c2\u00a0 \u00c2\u00a0\u00c2\u00a0\u00c2\u00a0 \u00c2\u00a0Kircher-Ludwig GmbH &amp; Co. KG, Fulda<br \/>\n5.\u00c2\u00a0\u00c2\u00a0 \u00c2\u00a0Fritsch, Philipp\u00c2\u00a0\u00c2\u00a0 \u00c2\u00a0\u00c2\u00a0\u00c2\u00a0 \u00c2\u00a0Auto H. Ruppert GmbH, Petersberg<br \/>\n6.\u00c2\u00a0\u00c2\u00a0 \u00c2\u00a0Gensler, Tom\u00c2\u00a0\u00c2\u00a0 \u00c2\u00a0\u00c2\u00a0\u00c2\u00a0 \u00c2\u00a0\u00c2\u00a0\u00c2\u00a0 \u00c2\u00a0EDAG Engieneering GmbH, Petersberg<br \/>\n7.\u00c2\u00a0\u00c2\u00a0 \u00c2\u00a0Goldbach, Daniel\u00c2\u00a0\u00c2\u00a0 \u00c2\u00a0\u00c2\u00a0\u00c2\u00a0 \u00c2\u00a0Wehner Motors GmbH &amp; Co., Kalbach<br \/>\n8.\u00c2\u00a0\u00c2\u00a0 \u00c2\u00a0G\u00fcnther, Philipp\u00c2\u00a0\u00c2\u00a0 \u00c2\u00a0\u00c2\u00a0\u00c2\u00a0 \u00c2\u00a0Autohaus Romeis GmbH, Gersfeld<br \/>\n9.\u00c2\u00a0\u00c2\u00a0 \u00c2\u00a0H\u00e4user, Felix\u00c2\u00a0\u00c2\u00a0 \u00c2\u00a0\u00c2\u00a0\u00c2\u00a0 \u00c2\u00a0\u00c2\u00a0\u00c2\u00a0 \u00c2\u00a0Krah &amp; Enders GmbH, Fulda<br \/>\n10.\u00c2\u00a0\u00c2\u00a0 \u00c2\u00a0Ha\u00df, Julian\u00c2\u00a0\u00c2\u00a0 \u00c2\u00a0\u00c2\u00a0\u00c2\u00a0 \u00c2\u00a0\u00c2\u00a0\u00c2\u00a0 \u00c2\u00a0Auto &amp; Allrad GmbH, K\u00fcnzell<br \/>\n11.\u00c2\u00a0\u00c2\u00a0 \u00c2\u00a0Hau, Christian\u00c2\u00a0\u00c2\u00a0 \u00c2\u00a0\u00c2\u00a0\u00c2\u00a0 \u00c2\u00a0\u00c2\u00a0\u00c2\u00a0 \u00c2\u00a0Auto H. Ruppert GmbH, Petersberg<br \/>\n12.\u00c2\u00a0\u00c2\u00a0 \u00c2\u00a0Heil, Johannes\u00c2\u00a0\u00c2\u00a0 \u00c2\u00a0\u00c2\u00a0\u00c2\u00a0 \u00c2\u00a0\u00c2\u00a0\u00c2\u00a0 \u00c2\u00a0Kircher-Ludwig GmbH &amp; Co. KG, Fulda<br \/>\n13.\u00c2\u00a0\u00c2\u00a0 \u00c2\u00a0Herget, Matthias\u00c2\u00a0\u00c2\u00a0 \u00c2\u00a0\u00c2\u00a0\u00c2\u00a0 \u00c2\u00a0Stefan Ebert GmbH, Burghaun<br \/>\n14.\u00c2\u00a0\u00c2\u00a0 \u00c2\u00a0Hintze, Dominik\u00c2\u00a0\u00c2\u00a0 \u00c2\u00a0\u00c2\u00a0\u00c2\u00a0 \u00c2\u00a0Volkswagen Zentrum Fulda GmbH &amp; Co. KG, Fulda<br \/>\n15.\u00c2\u00a0\u00c2\u00a0 \u00c2\u00a0J\u00f6ckel, Dominik\u00c2\u00a0\u00c2\u00a0 \u00c2\u00a0\u00c2\u00a0\u00c2\u00a0 \u00c2\u00a0Kunzmann Fulda GmbH &amp; Co. KG, Fulda<br \/>\n16.\u00c2\u00a0\u00c2\u00a0 \u00c2\u00a0John, Sebastian\u00c2\u00a0\u00c2\u00a0 \u00c2\u00a0\u00c2\u00a0\u00c2\u00a0 \u00c2\u00a0Werner Noll GmbH &amp; Co. KG, K\u00fcnzel-<br \/>\n17.\u00c2\u00a0\u00c2\u00a0 \u00c2\u00a0Kanne Rene\u00c2\u00a0\u00c2\u00a0 \u00c2\u00a0\u00c2\u00a0\u00c2\u00a0 \u00c2\u00a0\u00c2\u00a0\u00c2\u00a0 \u00c2\u00a0MAN Truck &amp; Bus Deutschland GmbH, Fulda<br \/>\n18.\u00c2\u00a0\u00c2\u00a0 \u00c2\u00a0Kaufhold, Sebastian\u00c2\u00a0\u00c2\u00a0 \u00c2\u00a0\u00c2\u00a0\u00c2\u00a0 \u00c2\u00a0Christoph Sch\u00e4fer, Neuhof<br \/>\n19.\u00c2\u00a0\u00c2\u00a0 \u00c2\u00a0Kirchner, Fabian\u00c2\u00a0\u00c2\u00a0 \u00c2\u00a0\u00c2\u00a0\u00c2\u00a0 \u00c2\u00a0Wolfgang Fahr GmbH &amp; Co. KG, Tann<br \/>\n20.\u00c2\u00a0\u00c2\u00a0 \u00c2\u00a0Kirchner, Lukas\u00c2\u00a0\u00c2\u00a0 \u00c2\u00a0\u00c2\u00a0\u00c2\u00a0 \u00c2\u00a0Krah &amp; Enders GmbH, Fulda<br \/>\n21.\u00c2\u00a0\u00c2\u00a0 \u00c2\u00a0Koch, Jonas\u00c2\u00a0\u00c2\u00a0 \u00c2\u00a0\u00c2\u00a0\u00c2\u00a0 \u00c2\u00a0\u00c2\u00a0\u00c2\u00a0 \u00c2\u00a0Krah &amp; Enders GmbH, Fulda<br \/>\n22.\u00c2\u00a0\u00c2\u00a0 \u00c2\u00a0Koch, Tobias\u00c2\u00a0\u00c2\u00a0 \u00c2\u00a0\u00c2\u00a0\u00c2\u00a0 \u00c2\u00a0\u00c2\u00a0\u00c2\u00a0 \u00c2\u00a0Scania Vertrieb und Service GmbH, Eichenzell<br \/>\n23.\u00c2\u00a0\u00c2\u00a0 \u00c2\u00a0Kozak, Bartlomiej\u00c2\u00a0\u00c2\u00a0 \u00c2\u00a0\u00c2\u00a0\u00c2\u00a0 \u00c2\u00a0TCR Truck Center Rh\u00f6n GmbH, K\u00fcnzell<br \/>\n24.\u00c2\u00a0\u00c2\u00a0 \u00c2\u00a0Manderscheid, Sebastian\u00c2\u00a0\u00c2\u00a0 \u00c2\u00a0Wolfgang Fahr GmbH &amp; Co. KG, Hofbieber<br \/>\n25.\u00c2\u00a0\u00c2\u00a0 \u00c2\u00a0Martens, Marcel\u00c2\u00a0\u00c2\u00a0 \u00c2\u00a0\u00c2\u00a0\u00c2\u00a0 \u00c2\u00a0Nikolai und Viktor D\u00fcck, Fulda<br \/>\n26.\u00c2\u00a0\u00c2\u00a0 \u00c2\u00a0Mohr, Erik\u00c2\u00a0\u00c2\u00a0 \u00c2\u00a0\u00c2\u00a0\u00c2\u00a0 \u00c2\u00a0\u00c2\u00a0\u00c2\u00a0 \u00c2\u00a0Spedition Hans-Georg Dr\u00f6der GmbH &amp; Co. KG, K\u00fcnzell<br \/>\n27.\u00c2\u00a0\u00c2\u00a0 \u00c2\u00a0M\u00f6rmel, Moritz\u00c2\u00a0\u00c2\u00a0 \u00c2\u00a0\u00c2\u00a0\u00c2\u00a0 \u00c2\u00a0Autohaus M. Gleich GmbH &amp; Co. KG, H\u00fcnfeld<br \/>\n28. \u00c2\u00a0\u00c2\u00a0 \u00c2\u00a0Nehrkorn, Marius\u00c2\u00a0\u00c2\u00a0 \u00c2\u00a0\u00c2\u00a0\u00c2\u00a0 \u00c2\u00a0Kunzmann GmbH &amp; Co. KG, Fulda<br \/>\n28.\u00c2\u00a0\u00c2\u00a0 \u00c2\u00a0Ronneburg, Lukas\u00c2\u00a0\u00c2\u00a0 \u00c2\u00a0\u00c2\u00a0\u00c2\u00a0 \u00c2\u00a0Enders Automobile + Service GmbH &amp; Co. KG, Fulda<br \/>\n29.\u00c2\u00a0\u00c2\u00a0 \u00c2\u00a0Ruck, Tizian\u00c2\u00a0\u00c2\u00a0 \u00c2\u00a0\u00c2\u00a0\u00c2\u00a0 \u00c2\u00a0\u00c2\u00a0\u00c2\u00a0 \u00c2\u00a0Auto-Glas Walter GmbH, K\u00fcnzell<br \/>\n30.\u00c2\u00a0\u00c2\u00a0 \u00c2\u00a0Sagawe, Heiko\u00c2\u00a0\u00c2\u00a0 \u00c2\u00a0\u00c2\u00a0\u00c2\u00a0 \u00c2\u00a0Kunzmann Fulda GmbH &amp; Co. KG<br \/>\n31.\u00c2\u00a0\u00c2\u00a0 \u00c2\u00a0Sch\u00e4fer, Rene Martin\u00c2\u00a0\u00c2\u00a0 \u00c2\u00a0\u00c2\u00a0\u00c2\u00a0 \u00c2\u00a0Volkswagen Zentrum Fulda GmbH &amp; Co. KG, Fulda<br \/>\n32.\u00c2\u00a0\u00c2\u00a0 \u00c2\u00a0Schlosser, Rene\u00c2\u00a0\u00c2\u00a0 \u00c2\u00a0\u00c2\u00a0\u00c2\u00a0 \u00c2\u00a0Atzert &amp; Weber GmbH &amp; Co. KG, Fulda<br \/>\n33.\u00c2\u00a0\u00c2\u00a0 \u00c2\u00a0Schneider, Marcus\u00c2\u00a0\u00c2\u00a0 \u00c2\u00a0\u00c2\u00a0\u00c2\u00a0 \u00c2\u00a0Deisenroth &amp; S\u00f6hne GmbH &amp; Co. KG, H\u00fcnfeld<br \/>\n34.\u00c2\u00a0\u00c2\u00a0 \u00c2\u00a0Schneider, Ronny\u00c2\u00a0\u00c2\u00a0 \u00c2\u00a0\u00c2\u00a0\u00c2\u00a0 \u00c2\u00a0Autohaus Helmut Kreis, Gro\u00dfenl\u00fcder<br \/>\n35.\u00c2\u00a0\u00c2\u00a0 \u00c2\u00a0Seelig, Lisa\u00c2\u00a0\u00c2\u00a0 \u00c2\u00a0\u00c2\u00a0\u00c2\u00a0 \u00c2\u00a0\u00c2\u00a0\u00c2\u00a0 \u00c2\u00a0Rh\u00f6nEnergie Verkehrsservice GmbH, Fulda<br \/>\n36. \u00c2\u00a0\u00c2\u00a0 \u00c2\u00a0Sikora, Sebastian\u00c2\u00a0\u00c2\u00a0 \u00c2\u00a0\u00c2\u00a0\u00c2\u00a0 \u00c2\u00a0Porsche Zentrum Fulda<br \/>\n36.\u00c2\u00a0\u00c2\u00a0 \u00c2\u00a0Spiegel Dominik\u00c2\u00a0\u00c2\u00a0 \u00c2\u00a0\u00c2\u00a0\u00c2\u00a0 \u00c2\u00a0Scheller GmbH &amp; Co. KG, Fulda<br \/>\n37.\u00c2\u00a0\u00c2\u00a0 \u00c2\u00a0Stock, Daniel\u00c2\u00a0\u00c2\u00a0 \u00c2\u00a0\u00c2\u00a0\u00c2\u00a0 \u00c2\u00a0\u00c2\u00a0\u00c2\u00a0 \u00c2\u00a0EDAG Engineering GmbH, Fulda<br \/>\n38.\u00c2\u00a0\u00c2\u00a0 \u00c2\u00a0Tapaz, Ozan\u00c2\u00a0\u00c2\u00a0 \u00c2\u00a0\u00c2\u00a0\u00c2\u00a0 \u00c2\u00a0\u00c2\u00a0\u00c2\u00a0 \u00c2\u00a0Edmund Sorg GmbH, Fulda<br \/>\n39.\u00c2\u00a0\u00c2\u00a0 \u00c2\u00a0Trapp, Jonathan\u00c2\u00a0\u00c2\u00a0 \u00c2\u00a0\u00c2\u00a0\u00c2\u00a0 \u00c2\u00a0Erwin Weber GmbH &amp; Co. KG, Hilders<br \/>\n40.\u00c2\u00a0\u00c2\u00a0 \u00c2\u00a0Vogler, Christopher\u00c2\u00a0\u00c2\u00a0 \u00c2\u00a0\u00c2\u00a0\u00c2\u00a0 \u00c2\u00a0Erwin Weber GmbH &amp; Co. KG, Hilders<br \/>\n41.\u00c2\u00a0\u00c2\u00a0 \u00c2\u00a0V\u00f6lker, Andreas\u00c2\u00a0\u00c2\u00a0 \u00c2\u00a0\u00c2\u00a0\u00c2\u00a0 \u00c2\u00a0Wolfgang Fahr GmbH &amp; Co. KG, Fudla<br \/>\n42.\u00c2\u00a0\u00c2\u00a0 \u00c2\u00a0W\u00e4chtersbach, Henrik\u00c2\u00a0\u00c2\u00a0 \u00c2\u00a0Atzert &amp; Weber GmbH &amp; Co. KG, Fulda<br \/>\n43.\u00c2\u00a0\u00c2\u00a0 \u00c2\u00a0Walter, Dominik\u00c2\u00a0\u00c2\u00a0 \u00c2\u00a0\u00c2\u00a0\u00c2\u00a0 \u00c2\u00a0Kunzmann Fulda GmbH &amp; Co. KG, Fulda<br \/>\n44.\u00c2\u00a0\u00c2\u00a0 \u00c2\u00a0Wehner, Nico\u00c2\u00a0\u00c2\u00a0 \u00c2\u00a0\u00c2\u00a0\u00c2\u00a0 \u00c2\u00a0\u00c2\u00a0\u00c2\u00a0 \u00c2\u00a0Stefan Ebert GmbH, Burghaun<br \/>\n45.\u00c2\u00a0\u00c2\u00a0 \u00c2\u00a0Worofsky, Dominik\u00c2\u00a0\u00c2\u00a0 \u00c2\u00a0\u00c2\u00a0\u00c2\u00a0 \u00c2\u00a0N. V. G. Nutzfahrzeug-Vertriebsges., Petersberg<\/p>\n","protected":false},"excerpt":{"rendered":"<div class=\"tmnf_excerpt\"><p>Dass Berufe rund um die Automobilwirtschaft beste Zukunftschancen haben, wurde im Rahmen der diesj\u00e4hrigen Gesellenbrief\u00fcbergabe der Innung des Kraftfahrzeuggewerbes Fulda deutlich.\u00c2\u00a0 Innungsobermeister Thorsten Kr\u00e4mer hatte zur traditionellen Freisprechungsfeier die 50 erfolgreichen Teilnehmer an der Abschlusspr\u00fcfung zur feierlichen \u00dcbergabe der Gesellenbriefe in die Ferdinand-Braun-Schule Fulda eingeladen. Kr\u00e4mer lobte das hohe Ausbildungsniveau in den Innungsbetrieben und sah &hellip;<\/p>\n<\/div>","protected":false},"author":1,"featured_media":160919,"comment_status":"closed","ping_status":"closed","sticky":false,"template":"","format":"standard","meta":{"footnotes":""},"categories":[1],"tags":[],"class_list":["post-160917","post","type-post","status-publish","format-standard","has-post-thumbnail","hentry","category-startseite"],"_links":{"self":[{"href":"https:\/\/www.fuldaernachrichten.de\/index.php?rest_route=\/wp\/v2\/posts\/160917","targetHints":{"allow":["GET"]}}],"collection":[{"href":"https:\/\/www.fuldaernachrichten.de\/index.php?rest_route=\/wp\/v2\/posts"}],"about":[{"href":"https:\/\/www.fuldaernachrichten.de\/index.php?rest_route=\/wp\/v2\/types\/post"}],"author":[{"embeddable":true,"href":"https:\/\/www.fuldaernachrichten.de\/index.php?rest_route=\/wp\/v2\/users\/1"}],"replies":[{"embeddable":true,"href":"https:\/\/www.fuldaernachrichten.de\/index.php?rest_route=%2Fwp%2Fv2%2Fcomments&post=160917"}],"version-history":[{"count":1,"href":"https:\/\/www.fuldaernachrichten.de\/index.php?rest_route=\/wp\/v2\/posts\/160917\/revisions"}],"predecessor-version":[{"id":160920,"href":"https:\/\/www.fuldaernachrichten.de\/index.php?rest_route=\/wp\/v2\/posts\/160917\/revisions\/160920"}],"wp:featuredmedia":[{"embeddable":true,"href":"https:\/\/www.fuldaernachrichten.de\/index.php?rest_route=\/wp\/v2\/media\/160919"}],"wp:attachment":[{"href":"https:\/\/www.fuldaernachrichten.de\/index.php?rest_route=%2Fwp%2Fv2%2Fmedia&parent=160917"}],"wp:term":[{"taxonomy":"category","embeddable":true,"href":"https:\/\/www.fuldaernachrichten.de\/index.php?rest_route=%2Fwp%2Fv2%2Fcategories&post=160917"},{"taxonomy":"post_tag","embeddable":true,"href":"https:\/\/www.fuldaernachrichten.de\/index.php?rest_route=%2Fwp%2Fv2%2Ftags&post=160917"}],"curies":[{"name":"wp","href":"https:\/\/api.w.org\/{rel}","templated":true}]}}