{"id":160911,"date":"2017-03-14T05:21:07","date_gmt":"2017-03-14T04:21:07","guid":{"rendered":"http:\/\/www.fuldaer-nachrichten.de\/?p=160911"},"modified":"2017-03-11T09:22:54","modified_gmt":"2017-03-11T08:22:54","slug":"immer-mehr-senioren-greifen-zu-alltagshilfen","status":"publish","type":"post","link":"https:\/\/www.fuldaernachrichten.de\/?p=160911","title":{"rendered":"Immer mehr Senioren greifen zu Alltagshilfen"},"content":{"rendered":"<p><a href=\"http:\/\/www.fuldaer-nachrichten.de\/wp-content\/uploads\/2017\/03\/So_funktioniert_der_Hausnotruf.jpg\"><img decoding=\"async\" class=\"alignleft size-thumbnail wp-image-160915\" src=\"http:\/\/www.fuldaer-nachrichten.de\/wp-content\/uploads\/2017\/03\/So_funktioniert_der_Hausnotruf-265x118.jpg\" alt=\"\" width=\"265\" height=\"118\" srcset=\"https:\/\/www.fuldaernachrichten.de\/wp-content\/uploads\/2017\/03\/So_funktioniert_der_Hausnotruf-265x118.jpg 265w, https:\/\/www.fuldaernachrichten.de\/wp-content\/uploads\/2017\/03\/So_funktioniert_der_Hausnotruf-600x267.jpg 600w, https:\/\/www.fuldaernachrichten.de\/wp-content\/uploads\/2017\/03\/So_funktioniert_der_Hausnotruf.jpg 765w\" sizes=\"(max-width: 265px) 100vw, 265px\" \/><\/a>Die Akzeptanz von Alltagshilfen f\u00fcr Senioren steigt \u2013 wenn auch langsam: Immer mehr \u00e4ltere und beeintr\u00e4chtigte Menschen nehmen Hilfsmittel in Anspruch, um m\u00f6glichst lange in den eigenen vier W\u00e4nden wohnen zu bleiben. So ist die Zahl der Fuldaer, die den Hausnotruf und den Men\u00fcservice der Malteser nutzen, im Vergleich zum Vorjahr weiter gestiegen.<\/p>\n<p>\u201eInsgesamt nutzen aktuell 1200 Menschen in der Region Fulda das Hausnotrufsystem und 274 den Men\u00fcservice der Malteser\u201c, sagt Bernd Odenwald (Diensteleiter Hausnotruf und Men\u00fcservice) von den Maltesern in Fulda. Odenwald beobachtet eine positive Entwicklung im Umgang mit Alltagshilfen: \u201eDas Hausnotrufsystem wird von immer mehr Senioren in Anspruch genommen, die noch fit sind.\u201c Viele Kunden verstehen es als eine Art Versicherung: \u201eEs ist gut zu wissen, dass die Malteser auf Knopfdruck zur Stelle sind, wenn man Hilfe braucht.\u201c, sagt Odenwald.<\/p>\n<p>Trotz dieser erfreulichen Entwicklung greift der Gro\u00dfteil der \u00c4lteren nach wie vor sehr sp\u00e4t zu Alltagshilfen. Das Durchschnittsalter der Hausnotruf-Kunden liegt in Fulda bei ca. 80 Jahren. \u201eViele entscheiden sich erst f\u00fcr den Hausnotruf, wenn etwas vorgefallen ist: wenn sie zum Beispiel nachts auf dem Weg ins Bad gestolpert sind und alleine nicht aufstehen konnten\u201c, berichtet Odenwald und erg\u00e4nzt: \u201eIch w\u00fcnsche mir, dass es irgendwann selbstverst\u00e4ndlich ist, einen Hilfeknopf am Handgelenk oder als Halskette zu tragen \u2013 so wie es heute schon normal und sogar schick ist, eine Brille aufzusetzen.\u201c<br \/>\nMit Beginn dieses Jahres nutzen bundesweit \u00fcber 116.000 Kunden den Malteser Hausnotruf.<\/p>\n<p>N\u00e4here Infos zum Hausnotruf gibt es bei den Maltesern in Fulda von Bernd Odenwald unter Tel. 0661 95310-25, per e-mail: bernd.odenwald@malteser.org, bundesweit unter Tel. 0800 \u2013 99 66 007 sowie im Internet unter www.malteser-hausnotruf.de<\/p>\n","protected":false},"excerpt":{"rendered":"<div class=\"tmnf_excerpt\"><p>Die Akzeptanz von Alltagshilfen f\u00fcr Senioren steigt \u2013 wenn auch langsam: Immer mehr \u00e4ltere und beeintr\u00e4chtigte Menschen nehmen Hilfsmittel in Anspruch, um m\u00f6glichst lange in den eigenen vier W\u00e4nden wohnen zu bleiben. So ist die Zahl der Fuldaer, die den Hausnotruf und den Men\u00fcservice der Malteser nutzen, im Vergleich zum Vorjahr weiter gestiegen. \u201eInsgesamt nutzen &hellip;<\/p>\n<\/div>","protected":false},"author":1,"featured_media":160914,"comment_status":"closed","ping_status":"closed","sticky":false,"template":"","format":"standard","meta":{"footnotes":""},"categories":[1],"tags":[],"class_list":["post-160911","post","type-post","status-publish","format-standard","has-post-thumbnail","hentry","category-startseite"],"_links":{"self":[{"href":"https:\/\/www.fuldaernachrichten.de\/index.php?rest_route=\/wp\/v2\/posts\/160911","targetHints":{"allow":["GET"]}}],"collection":[{"href":"https:\/\/www.fuldaernachrichten.de\/index.php?rest_route=\/wp\/v2\/posts"}],"about":[{"href":"https:\/\/www.fuldaernachrichten.de\/index.php?rest_route=\/wp\/v2\/types\/post"}],"author":[{"embeddable":true,"href":"https:\/\/www.fuldaernachrichten.de\/index.php?rest_route=\/wp\/v2\/users\/1"}],"replies":[{"embeddable":true,"href":"https:\/\/www.fuldaernachrichten.de\/index.php?rest_route=%2Fwp%2Fv2%2Fcomments&post=160911"}],"version-history":[{"count":1,"href":"https:\/\/www.fuldaernachrichten.de\/index.php?rest_route=\/wp\/v2\/posts\/160911\/revisions"}],"predecessor-version":[{"id":160916,"href":"https:\/\/www.fuldaernachrichten.de\/index.php?rest_route=\/wp\/v2\/posts\/160911\/revisions\/160916"}],"wp:featuredmedia":[{"embeddable":true,"href":"https:\/\/www.fuldaernachrichten.de\/index.php?rest_route=\/wp\/v2\/media\/160914"}],"wp:attachment":[{"href":"https:\/\/www.fuldaernachrichten.de\/index.php?rest_route=%2Fwp%2Fv2%2Fmedia&parent=160911"}],"wp:term":[{"taxonomy":"category","embeddable":true,"href":"https:\/\/www.fuldaernachrichten.de\/index.php?rest_route=%2Fwp%2Fv2%2Fcategories&post=160911"},{"taxonomy":"post_tag","embeddable":true,"href":"https:\/\/www.fuldaernachrichten.de\/index.php?rest_route=%2Fwp%2Fv2%2Ftags&post=160911"}],"curies":[{"name":"wp","href":"https:\/\/api.w.org\/{rel}","templated":true}]}}