{"id":160908,"date":"2017-03-13T05:20:08","date_gmt":"2017-03-13T04:20:08","guid":{"rendered":"http:\/\/www.fuldaer-nachrichten.de\/?p=160908"},"modified":"2017-03-11T09:21:59","modified_gmt":"2017-03-11T08:21:59","slug":"2-rhoener-jugendforum-gersfelder-jugend-diskutiert-mit-kommunalpolitik","status":"publish","type":"post","link":"https:\/\/www.fuldaernachrichten.de\/?p=160908","title":{"rendered":"2. Rh\u00f6ner Jugendforum &#8211; Gersfelder Jugend diskutiert mit Kommunalpolitik"},"content":{"rendered":"<p>Zum zweiten Mal hatte der Verein Natur und Lebensraum Rh\u00f6n e.V. zu einem Jugendforum eingeladen. Nach der Auftaktveranstaltung in der Ulstertalschule in Hilders fand in diesem Jahr das Jugendforum in der Rh\u00f6nschule Gersfeld statt. Im Vorfeld waren \u00fcber eine Fragebogenaktion sowie Gespr\u00e4chsrunden im Politikunterricht und in den Pausen 250 Sch\u00fcler \u00fcber ihre Einsch\u00e4tzungen, Bed\u00fcrfnisse, W\u00fcnsche und Ziele befragt worden. Die Ergebnisse dieser Befragungen waren die Grundlage f\u00fcr das Jugendforum, welches von dem Jugendpfleger Harald Vonderau, Stadt Gersfeld, und der Regionalmanagerin Antje Voll vom Verein Natur und Lebensraum Rh\u00f6n moderiert wurde.<\/p>\n<p>Neben rund 30 Jugendlichen im Alter von 14-16 Jahren, waren zur Veranstaltung auch die B\u00fcrgermeisterInnen von Gersfeld, Poppenhausen und Ebersburg, Vertreter der Regionalentwicklung und des Jugendamtes des Landkreises, der Fraktionsvorsitzende der CDU im Kreistag Dr. Norbert Herr und heimische Vertreter der Wirtschaft und des Biosph\u00e4renreservats gekommen, um gemeinsam mit den Jugendlichen zu diskutieren.<br \/>\nDank der lockeren Moderation des erfahrenen Jugendpflegers wurde sachlich und konstruktiv diskutiert. So w\u00fcnschen sich die Jugendlichen eine Wiederer\u00f6ffnung des Hallenbades Kaskade, damit weite Wege nach Fulda oder Bad Br\u00fcckenau unterbleiben k\u00f6nnen. Bei dem \u00f6ffentlichen Busverkehr bem\u00e4ngeln die Jugendlichen, dass es keine Verbindungen zu ihren Freunden nach Poppenhausen oder auch ins Ulstertal g\u00e4be. Zwei Jugendliche w\u00fcnschten sich, dass bei den Gemeinden Angelscheine f\u00fcr \u00f6ffentliche Gew\u00e4sser erworben werden k\u00f6nnen, um angeln zu k\u00f6nnen. Ein Aspekt, der sicherlich auch f\u00fcr Touristen von Interesse w\u00e4re.<\/p>\n<p>Von den M\u00e4dchen wurde bem\u00e4ngelt, dass es in Gersfeld seit dem Niedergang von Schlecker keinen Drogeriemarkt mehr gibt. Aber auch Naturschutzthemen wurden von den Jugendlichen angesprochen, wie zum Beispiel die Forderung nach einer Begr\u00fcnung der Schuld\u00e4cher in Gersfeld oder auch der Schutz der Borstgrasrasen auf der Wasserkuppe.<br \/>\nStarke Kritik wurde von den Sch\u00fclern wie auch vom Schulleiter an den v\u00f6llig \u00fcberlasteten und \u00fcberf\u00fcllten Schulbussen in den Sto\u00dfzeiten ge\u00fcbt. Von den Sch\u00fclern wird von einem \u201eHineinquetschen in die Busse\u201c gesprochen. Berichtet wurde, dass teilweise nicht alle Sch\u00fcler mitgenommen werden k\u00f6nnen. Schulleiter und Sch\u00fcler sehen hier erhebliche Sicherheitsdefizite.<\/p>\n<p>Immer auch ein Thema ist die Bereitstellung von Jugendr\u00e4umen. Hier wurde von den Sch\u00fclern, aber auch von den erwachsenen Mitdiskutanten die Meinung vertreten, dass es ohne Jugendpfleger kaum eine dauerhafte tragf\u00e4hige L\u00f6sung geben k\u00f6nne. Bemerkenswert war der Vorschlag, Jugendbetreuer zu etablieren, die sowohl an den Schulen aber auch f\u00fcr die Gemeinde in der Jugendpflege t\u00e4tig sind.<\/p>\n<p>Der Verein Natur und Lebensraum Rh\u00f6n hatte im Vorfeld 1.000\u00e2\u201a\u00ac ausgelobt, um ein erstes, von den Jugendlichen eingefordertes Projekt, umzusetzen. Hier fiel die Wahl der anwesenden Jugendlichen mehrheitlich auf den Ausbau einer Skaterbahn.<br \/>\nAntje Voll vom Verein Natur und Lebensraum Rh\u00f6n wertet das Jugendforum als Erfolg. Entsprechend des Regionalentwicklungskonzeptes sollen auch in den kommenden Jahren derartige Veranstaltungen durchgef\u00fchrt werden.<\/p>\n","protected":false},"excerpt":{"rendered":"<div class=\"tmnf_excerpt\"><p>Zum zweiten Mal hatte der Verein Natur und Lebensraum Rh\u00f6n e.V. zu einem Jugendforum eingeladen. Nach der Auftaktveranstaltung in der Ulstertalschule in Hilders fand in diesem Jahr das Jugendforum in der Rh\u00f6nschule Gersfeld statt. Im Vorfeld waren \u00fcber eine Fragebogenaktion sowie Gespr\u00e4chsrunden im Politikunterricht und in den Pausen 250 Sch\u00fcler \u00fcber ihre Einsch\u00e4tzungen, Bed\u00fcrfnisse, W\u00fcnsche &hellip;<\/p>\n<\/div>","protected":false},"author":1,"featured_media":160912,"comment_status":"closed","ping_status":"closed","sticky":false,"template":"","format":"standard","meta":{"footnotes":""},"categories":[1],"tags":[],"class_list":["post-160908","post","type-post","status-publish","format-standard","has-post-thumbnail","hentry","category-startseite"],"_links":{"self":[{"href":"https:\/\/www.fuldaernachrichten.de\/index.php?rest_route=\/wp\/v2\/posts\/160908","targetHints":{"allow":["GET"]}}],"collection":[{"href":"https:\/\/www.fuldaernachrichten.de\/index.php?rest_route=\/wp\/v2\/posts"}],"about":[{"href":"https:\/\/www.fuldaernachrichten.de\/index.php?rest_route=\/wp\/v2\/types\/post"}],"author":[{"embeddable":true,"href":"https:\/\/www.fuldaernachrichten.de\/index.php?rest_route=\/wp\/v2\/users\/1"}],"replies":[{"embeddable":true,"href":"https:\/\/www.fuldaernachrichten.de\/index.php?rest_route=%2Fwp%2Fv2%2Fcomments&post=160908"}],"version-history":[{"count":1,"href":"https:\/\/www.fuldaernachrichten.de\/index.php?rest_route=\/wp\/v2\/posts\/160908\/revisions"}],"predecessor-version":[{"id":160913,"href":"https:\/\/www.fuldaernachrichten.de\/index.php?rest_route=\/wp\/v2\/posts\/160908\/revisions\/160913"}],"wp:featuredmedia":[{"embeddable":true,"href":"https:\/\/www.fuldaernachrichten.de\/index.php?rest_route=\/wp\/v2\/media\/160912"}],"wp:attachment":[{"href":"https:\/\/www.fuldaernachrichten.de\/index.php?rest_route=%2Fwp%2Fv2%2Fmedia&parent=160908"}],"wp:term":[{"taxonomy":"category","embeddable":true,"href":"https:\/\/www.fuldaernachrichten.de\/index.php?rest_route=%2Fwp%2Fv2%2Fcategories&post=160908"},{"taxonomy":"post_tag","embeddable":true,"href":"https:\/\/www.fuldaernachrichten.de\/index.php?rest_route=%2Fwp%2Fv2%2Ftags&post=160908"}],"curies":[{"name":"wp","href":"https:\/\/api.w.org\/{rel}","templated":true}]}}