{"id":160907,"date":"2017-03-11T09:20:49","date_gmt":"2017-03-11T08:20:49","guid":{"rendered":"http:\/\/www.fuldaer-nachrichten.de\/?p=160907"},"modified":"2017-03-11T09:20:49","modified_gmt":"2017-03-11T08:20:49","slug":"wie-ist-vorzusorgen-fuer-den-fall-der-faelle-informationsvortrag-zum-erbrecht-mit-dr-gerhard-schlitt","status":"publish","type":"post","link":"https:\/\/www.fuldaernachrichten.de\/?p=160907","title":{"rendered":"Wie ist vorzusorgen \u201ef\u00fcr den Fall der F\u00e4lle\u201c?  &#8211; Informationsvortrag zum Erbrecht  mit Dr. Gerhard Schlitt"},"content":{"rendered":"<p>Vorsorgen bei Krankheit, Alter und Tod: Notar Dr. iur. Gerhard Schlitt referiert im Rahmen der Erbrechts-Reihe von antonius \u2013 Netzwerk Mensch zu den Themen Vorsorge, Verm\u00e4chtnisse und Erbschaften.<\/p>\n<p>Die kostenfreie Informationsveranstaltung mit dem in Petersberg ans\u00e4ssigen Rechtsanwalt, Notar und Fachanwalt f\u00fcr Erbrecht Dr. Gerhard Schlitt, der bereits viermal von dem Magazin FOCUS als Erbrechtsspezialist ausgezeichnet wurde, findet am Dienstag, 28.03.2017, um 15:30 Uhr, im antonius Caf\u00e9, An St. Kathrin 4 in Fulda, statt.<br \/>\nNach dem Vortrag besteht die Gelegenheit, aus dem Plenum heraus oder direkt bei Herrn Dr. Schlitt, individuelle Fragen zu stellen.<\/p>\n<p>Der Eintritt f\u00fcr die Veranstaltung ist frei. Kostenfreie Parkpl\u00e4tze stehen in ausreichender Zahl zur Verf\u00fcgung. Es wird um Anmeldung bei Herrn Manuel Wluka (Tel. 0661\/1097-309) oder Frau Aylin Jordan (Tel. 0661\/1097-207) von antonius \u2013 Netzwerk Mensch gebeten. Die Anmeldung kann auch per E-Mail an stiftung@antonius-fulda.de erfolgen.<\/p>\n","protected":false},"excerpt":{"rendered":"<div class=\"tmnf_excerpt\"><p>Vorsorgen bei Krankheit, Alter und Tod: Notar Dr. iur. Gerhard Schlitt referiert im Rahmen der Erbrechts-Reihe von antonius \u2013 Netzwerk Mensch zu den Themen Vorsorge, Verm\u00e4chtnisse und Erbschaften. Die kostenfreie Informationsveranstaltung mit dem in Petersberg ans\u00e4ssigen Rechtsanwalt, Notar und Fachanwalt f\u00fcr Erbrecht Dr. Gerhard Schlitt, der bereits viermal von dem Magazin FOCUS als Erbrechtsspezialist ausgezeichnet &hellip;<\/p>\n<\/div>","protected":false},"author":1,"featured_media":0,"comment_status":"closed","ping_status":"closed","sticky":false,"template":"","format":"standard","meta":{"footnotes":""},"categories":[1],"tags":[],"class_list":["post-160907","post","type-post","status-publish","format-standard","hentry","category-startseite"],"_links":{"self":[{"href":"https:\/\/www.fuldaernachrichten.de\/index.php?rest_route=\/wp\/v2\/posts\/160907","targetHints":{"allow":["GET"]}}],"collection":[{"href":"https:\/\/www.fuldaernachrichten.de\/index.php?rest_route=\/wp\/v2\/posts"}],"about":[{"href":"https:\/\/www.fuldaernachrichten.de\/index.php?rest_route=\/wp\/v2\/types\/post"}],"author":[{"embeddable":true,"href":"https:\/\/www.fuldaernachrichten.de\/index.php?rest_route=\/wp\/v2\/users\/1"}],"replies":[{"embeddable":true,"href":"https:\/\/www.fuldaernachrichten.de\/index.php?rest_route=%2Fwp%2Fv2%2Fcomments&post=160907"}],"version-history":[{"count":1,"href":"https:\/\/www.fuldaernachrichten.de\/index.php?rest_route=\/wp\/v2\/posts\/160907\/revisions"}],"predecessor-version":[{"id":160910,"href":"https:\/\/www.fuldaernachrichten.de\/index.php?rest_route=\/wp\/v2\/posts\/160907\/revisions\/160910"}],"wp:attachment":[{"href":"https:\/\/www.fuldaernachrichten.de\/index.php?rest_route=%2Fwp%2Fv2%2Fmedia&parent=160907"}],"wp:term":[{"taxonomy":"category","embeddable":true,"href":"https:\/\/www.fuldaernachrichten.de\/index.php?rest_route=%2Fwp%2Fv2%2Fcategories&post=160907"},{"taxonomy":"post_tag","embeddable":true,"href":"https:\/\/www.fuldaernachrichten.de\/index.php?rest_route=%2Fwp%2Fv2%2Ftags&post=160907"}],"curies":[{"name":"wp","href":"https:\/\/api.w.org\/{rel}","templated":true}]}}