{"id":160902,"date":"2017-03-13T06:18:30","date_gmt":"2017-03-13T05:18:30","guid":{"rendered":"http:\/\/www.fuldaer-nachrichten.de\/?p=160902"},"modified":"2017-03-11T09:19:47","modified_gmt":"2017-03-11T08:19:47","slug":"landrat-goerig-gefangene-waschbaeren-im-umweltministerium-abliefern","status":"publish","type":"post","link":"https:\/\/www.fuldaernachrichten.de\/?p=160902","title":{"rendered":"Landrat G\u00f6rig: Gefangene Waschb\u00e4ren im Umweltministerium abliefern"},"content":{"rendered":"<p>&#8220;Bei Privatleuten gefangene Waschb\u00e4ren sollten nach Wiesbaden ins Umweltministerium gebracht werden&#8221;. Das hat der Landrat des Vogelsbergkreises, Manfred G\u00f6rig (SPD, am Freitag bei der Er\u00f6ffnung der Messe &#8220;Jagen-Reiten-Fischen-Offroad&#8221; in Alsfeld empfohlen. Denn beim Vogelsbergkreis und vielen anderen hessischen Kommunen h\u00e4uften sich die Beschwerden von B\u00fcrgern \u00fcber Waschb\u00e4r-Sch\u00e4den an ihren Geb\u00e4uden immens. G\u00f6rig kritisierte die lange Schonzeit, die der Waschb\u00e4r durch die neue hessische Jagdverordnung genie\u00dft. Umweltministerin Priska Hinz (Gr\u00fcne) sollte deshalb direkt mit den Problemen konfrontiert werden, die sich daraus ergeben.<\/p>\n<p>Die Kleinb\u00e4ren nisten sich vor allem in Dachb\u00f6den ein und zerst\u00f6ren die W\u00e4rmed\u00e4mmung und Dachkonstruktion. Ihr Kot und Urin verbreiten einen bestialischen Gestank. Die Beseitigung der Sch\u00e4den kostet nach Angaben betroffener Hausbesitzer bis zu zehntausend Euro.\u00c2\u00a0 Auch Abwehrma\u00dfnahmen wie das Anbringen von Metallmanschetten an Regenfallrohren gehen ins Geld.<\/p>\n<p>Der Waschb\u00e4r darf laut neuer Jagdverordnung in Hessen vom 1. M\u00e4rz bis 31. Juli nicht mehr bejagt werden. Deshalb w\u00e4chst laut Jagdverband die Population des &#8220;R\u00e4ubers mit der Zorromaske&#8221; weiter drastisch an. Laut Statistik des Wiesbadener\u00c2\u00a0 Umweltministeriums wurden 2015 in Hessen fast 28.000 Waschb\u00e4ren erlegt,\u00c2\u00a0 1995 waren es nur knapp 2500. Bis 2015 durfte der Kleinb\u00e4r mit Ausnahme f\u00fchrender Muttertiere ganzj\u00e4hrig bejagt werden.<br \/>\n&#8220;F\u00fcr die \u00fcberlange Schonzeit gibt es keine wildbiologische Begr\u00fcndung&#8221;, kritisierte der Pr\u00e4sident des Landesjagdverbandes Hessen (LJV), J\u00fcrgen Ellenberger. Als &#8220;invasive Art&#8221; , die die heimische Tierwelt gef\u00e4hrde, m\u00fcsse die Waschb\u00e4r-Population m\u00f6glichst klein gehalten werden. Ellenberger\u00c2\u00a0 appellierte an Umweltministerin Hinz, wieder eine l\u00e4ngere Jagdzeit einzuf\u00fchren. Zudem rief er\u00c2\u00a0 Hausbesitzer auf, dem Umweltministerium jeden Waschb\u00e4r-Schaden zu melden . Der Beh\u00f6rde m\u00fcsse das ganze Ausma\u00df der Sch\u00e4den vor Augen gef\u00fchrt werden.<\/p>\n<p>Privatleute d\u00fcrfen zwar grunds\u00e4tzlich Waschb\u00e4ren in H\u00e4usern und Scheunen fangen, wenn sie an einem anerkannten Fangjagdlehrgang teilgenommen haben und \u00fcber die entsprechende Sachkunde verf\u00fcgen. Allerdings d\u00fcrfen gefangene Kleinb\u00e4ren auch von J\u00e4gern im besiedelten Bereich nur in Ausnahmef\u00e4llen mit einer Sondergenehmigung per Schusswaffe get\u00f6tet werden. Zugleich d\u00fcrfen aber gefangene Waschb\u00e4ren nicht wieder in der freien Wildbahn ausgesetzt werden, weil sie von der EU als &#8220;invasive Art&#8221; eingestuft worden sind. Das Aussetzen dieser Arten ist streng verboten.<\/p>\n<p>Die 16. Messe &#8220;Jagen-Reiten-Fischen-Offroad&#8221; hat in der Hessenhalle Alsfeld bis Sonntagabend ge\u00f6ffnet. \u00dcber 200 Austeller verkaufen auf rund 8.000 Quadratmeter Ausr\u00fcstung und n\u00fctzliche Utensilien f\u00fcr J\u00e4ger, Reiter, Fischer und Naturfreunde. Zum Rahmenprogramm z\u00e4hlen Pferdeshows, Tipps f\u00fcr die Wild- und Fischk\u00fcche, die Vorf\u00fchrung von Greifv\u00f6geln und Jagdhornkl\u00e4nge. Rund 20.000 Besucher werden erwartet.<\/p>\n","protected":false},"excerpt":{"rendered":"<div class=\"tmnf_excerpt\"><p>&#8220;Bei Privatleuten gefangene Waschb\u00e4ren sollten nach Wiesbaden ins Umweltministerium gebracht werden&#8221;. Das hat der Landrat des Vogelsbergkreises, Manfred G\u00f6rig (SPD, am Freitag bei der Er\u00f6ffnung der Messe &#8220;Jagen-Reiten-Fischen-Offroad&#8221; in Alsfeld empfohlen. Denn beim Vogelsbergkreis und vielen anderen hessischen Kommunen h\u00e4uften sich die Beschwerden von B\u00fcrgern \u00fcber Waschb\u00e4r-Sch\u00e4den an ihren Geb\u00e4uden immens. G\u00f6rig kritisierte die lange &hellip;<\/p>\n<\/div>","protected":false},"author":1,"featured_media":0,"comment_status":"closed","ping_status":"closed","sticky":false,"template":"","format":"standard","meta":{"footnotes":""},"categories":[1],"tags":[],"class_list":["post-160902","post","type-post","status-publish","format-standard","hentry","category-startseite"],"_links":{"self":[{"href":"https:\/\/www.fuldaernachrichten.de\/index.php?rest_route=\/wp\/v2\/posts\/160902","targetHints":{"allow":["GET"]}}],"collection":[{"href":"https:\/\/www.fuldaernachrichten.de\/index.php?rest_route=\/wp\/v2\/posts"}],"about":[{"href":"https:\/\/www.fuldaernachrichten.de\/index.php?rest_route=\/wp\/v2\/types\/post"}],"author":[{"embeddable":true,"href":"https:\/\/www.fuldaernachrichten.de\/index.php?rest_route=\/wp\/v2\/users\/1"}],"replies":[{"embeddable":true,"href":"https:\/\/www.fuldaernachrichten.de\/index.php?rest_route=%2Fwp%2Fv2%2Fcomments&post=160902"}],"version-history":[{"count":1,"href":"https:\/\/www.fuldaernachrichten.de\/index.php?rest_route=\/wp\/v2\/posts\/160902\/revisions"}],"predecessor-version":[{"id":160906,"href":"https:\/\/www.fuldaernachrichten.de\/index.php?rest_route=\/wp\/v2\/posts\/160902\/revisions\/160906"}],"wp:attachment":[{"href":"https:\/\/www.fuldaernachrichten.de\/index.php?rest_route=%2Fwp%2Fv2%2Fmedia&parent=160902"}],"wp:term":[{"taxonomy":"category","embeddable":true,"href":"https:\/\/www.fuldaernachrichten.de\/index.php?rest_route=%2Fwp%2Fv2%2Fcategories&post=160902"},{"taxonomy":"post_tag","embeddable":true,"href":"https:\/\/www.fuldaernachrichten.de\/index.php?rest_route=%2Fwp%2Fv2%2Ftags&post=160902"}],"curies":[{"name":"wp","href":"https:\/\/api.w.org\/{rel}","templated":true}]}}