{"id":160877,"date":"2017-03-13T05:12:35","date_gmt":"2017-03-13T04:12:35","guid":{"rendered":"http:\/\/www.fuldaer-nachrichten.de\/?p=160877"},"modified":"2017-03-11T09:14:45","modified_gmt":"2017-03-11T08:14:45","slug":"rund-570-kilometer-glasfaser-und-410-verteiler-voll-intelligenter-technik","status":"publish","type":"post","link":"https:\/\/www.fuldaernachrichten.de\/?p=160877","title":{"rendered":"Rund 570 Kilometer Glasfaser und 410 Verteiler voll intelligenter Technik"},"content":{"rendered":"<p>Im Beisein von zahlreichen G\u00e4sten erfolgte im B\u00fcrgerhaus in Haselstein der offizielle Spatenstich und damit Startschuss f\u00fcr eines der gr\u00f6\u00dften Infrastruktur-projekte im Landkreis Fulda.<\/p>\n<p>Im ersten von 13 Bauabschnitten des kreisweiten Ausbauprojekts werden 22 Kilometer Glasfaser und 33 Multifunktionsgeh\u00e4use ab Oktober 2017 f\u00fcr schnelle Internetanschl\u00fcsse sorgen. F\u00fcr die rund 1.500 Haushalte im Ausbaugebiet der Gemeinden N\u00fcsttal, Rasdorf, Hofbieber und Hilders werden Daten\u00fcbertragungsraten von bis zu 100 Megabit pro Sekunde (MBit\/s) m\u00f6glich sein. Das neue Netz wird so leistungsstark sein, dass Telefonieren, Surfen im Internet und Fernsehen gleichzeitig funktionieren.<\/p>\n<p>Die Deutsche Telekom hatte die \u00f6ffentliche Ausschreibung f\u00fcr den Internet-Ausbau im Kreis Fulda gewonnen. Es wurde vereinbart, dass das Projekt bis Ende 2018 fl\u00e4chendeckend fertig gestellt ist. Insgesamt sollen rund 570 Kilometer Glasfaser verlegt werden. \u00dcber 410 Kabelverzweiger (graue K\u00e4sten an den Stra\u00dfen) werden mit neuer Technik zu Multifunktionsgeh\u00e4usen ausgebaut, davon 192 neu aufgestellt.<\/p>\n<p>Landrat Bernd Woide, B\u00fcrgermeisterin Marion Frohnapfel, Barbara Hoffmann (atene KOM) f\u00fcr den Bundesf\u00f6rdermittelgeber, Georg Matzner (Hessisches Wirtschaftsministerium) und Frank Bothe von der Telekom schwangen symbolisch die Spaten, um das Projekt auf den Weg zu bringen.<\/p>\n<p>Landrat Bernd Woide: \u201eEin Tag voller Freude und Dankbarkeit.\u201c Dieser Tag sei f\u00fcr ihn, so Landrat Woide, ein Tag, der ihn mit Freude und Dankbarkeit erf\u00fclle. Er sei \u00fcberzeugt, dass mit diesem Projekt der Kreis \u201ezukunftsf\u00e4hig\u201c gemacht werde. Zudem erhofft sich der Landrat neue Impulse, um gerade den l\u00e4ndlichen Raum f\u00fcr die Menschen auch in Zukunft attraktiv zu gestalten. \u201eSchnelles Internet schafft die Voraussetzung, dass neue Technologien im Alltag, in der Bildung, der Medizin und in der Arbeitswelt genutzt werden k\u00f6nnen. Dadurch st\u00e4rken wir unseren Mittelstand, einen zentralen Erfolgsfaktor f\u00fcr Wachstum, Wohlstand und Vollbesch\u00e4ftigung in unserem Landkreis.\u201c<\/p>\n<p>Woide dankte in diesem Zusammenhang dem Projektpartner Deutsche Telekom f\u00fcr ihr Engagement und ausdr\u00fccklich auch dem Bund und dem Land Hessen f\u00fcr die Unterst\u00fctzung im Rahmen der F\u00f6rderung.<\/p>\n<p>Marion Frohnapfel, B\u00fcrgermeisterin von N\u00fcsttal, sagte: \u201eDas Internet ist f\u00fcr Familien und Unternehmen heute unverzichtbar! Nur die Kommune, die eine gute Infrastruktur besitzt, kann sich erfolgreich um die Ansiedlung von Familien und Unternehmen bem\u00fchen.&#8221;<\/p>\n<p>Frank Bothe, Deutsche Telekom: \u201eDas neue Netz der Zukunft bauen\u201c \u201eWir freuen uns, dass wir heute starten und das tun werden, was wir am besten k\u00f6nnen: Das neue Netz der Zukunft bauen\u201c, sagte Frank Bothe, Leiter der f\u00fcr den Ausbau zust\u00e4ndigen Telekom-Niederlassung S\u00fcdwest beim Spatenstich. \u201e.Dabei werden sich die Einschr\u00e4nkungen f\u00fcr die B\u00fcrgerinnen und B\u00fcrger durch die Bauarbeiten in Grenzen halten. Wir gehen stets in \u00fcberschaubaren Abschnitten voran. Am Schluss wird sich das Warten gelohnt haben. Schnelle Internetanschl\u00fcsse sind ein digitaler Standortvorteil \u2013 f\u00fcr den Landkreis im Ganzen, aber auch f\u00fcr jede einzelne Kommune und Immobilie.\u201c<\/p>\n<p>Wichtige Hinweise:<br \/>\n1) Die Telekom legt die Reihenfolge autonom fest und geht dabei ausschlie\u00dflich nach technischen und logistischen Gesichtspunkten vor.<br \/>\n2) Kundenanschl\u00fcsse im Ausbaugebiet der Rh\u00f6nEnergie Fulda erhalten zun\u00e4chst VDSL-Anschl\u00fcsse (\u201eMagenta Zuhause S oder M\u201c) mit Bandbreiten bis zu maximal 50 MBit\/s. Erst nach Migration dieser Kunden ins Telekom-Netz kann das Vectoring-Upgrade auf 100MBit\/s (\u201eMagenta Zuhause L\u201c) erfolgen.<\/p>\n<p>So kommt das schnelle Netz ins Haus<br \/>\nAuf der Strecke zwischen der \u00f6rtlichen Vermittlungsstelle und dem Verteiler wird das Kupfer- durch Glasfaserkabel ersetzt. Das sorgt f\u00fcr erheblich h\u00f6here \u00dcbertragungsgeschwindigkeiten. Die Verteiler werden zu Multifunktionsgeh\u00e4usen (MFG) umgebaut. Die gro\u00dfen grauen K\u00e4sten am Stra\u00dfenrand werden zu Mini-Vermittlungsstellen.<\/p>\n<p>Im MFG wird das Lichtsignal von der Glasfaser in ein elektrisches Signal umgewandelt und von dort \u00fcber das bestehende Kupferkabel zum Anschluss des Kunden \u00fcbertragen.<\/p>\n<p>Um die Kupferleitung schnell zu machen, kommt dort, wo es regulatorisch m\u00f6glich ist, Vectoring zum Einsatz. Diese Technik beseitigt elektromagnetische St\u00f6rungen. Dadurch werden beim Hoch- und Herunterladen h\u00f6here Bandbreiten erreicht. Es gilt die Faustformel: Je n\u00e4her der Kunde am MFG wohnt, desto h\u00f6her ist seine Geschwindigkeit<\/p>\n<p>Weitere Informationen<br \/>\nInteressenten f\u00fcr einen neuen Anschluss k\u00f6nnen sich \u00fcber die kostenlose Hotline 0800 330 3000 oder auf www.telekom.de\/landkreis-fulda \u00fcber Verf\u00fcgbarkeit, Geschwindigkeiten und Tarife informieren und vorab registrieren lassen. Wer bereits einen DSL-Anschluss von der Telekom nutzt, kann ebenfalls jederzeit ins neue Netz wechseln. Hier gen\u00fcgt ein Anruf beim Kundencenter: 0800 330 1000.<\/p>\n","protected":false},"excerpt":{"rendered":"<div class=\"tmnf_excerpt\"><p>Im Beisein von zahlreichen G\u00e4sten erfolgte im B\u00fcrgerhaus in Haselstein der offizielle Spatenstich und damit Startschuss f\u00fcr eines der gr\u00f6\u00dften Infrastruktur-projekte im Landkreis Fulda. Im ersten von 13 Bauabschnitten des kreisweiten Ausbauprojekts werden 22 Kilometer Glasfaser und 33 Multifunktionsgeh\u00e4use ab Oktober 2017 f\u00fcr schnelle Internetanschl\u00fcsse sorgen. F\u00fcr die rund 1.500 Haushalte im Ausbaugebiet der Gemeinden &hellip;<\/p>\n<\/div>","protected":false},"author":1,"featured_media":160880,"comment_status":"closed","ping_status":"closed","sticky":false,"template":"","format":"standard","meta":{"footnotes":""},"categories":[1],"tags":[],"class_list":["post-160877","post","type-post","status-publish","format-standard","has-post-thumbnail","hentry","category-startseite"],"_links":{"self":[{"href":"https:\/\/www.fuldaernachrichten.de\/index.php?rest_route=\/wp\/v2\/posts\/160877","targetHints":{"allow":["GET"]}}],"collection":[{"href":"https:\/\/www.fuldaernachrichten.de\/index.php?rest_route=\/wp\/v2\/posts"}],"about":[{"href":"https:\/\/www.fuldaernachrichten.de\/index.php?rest_route=\/wp\/v2\/types\/post"}],"author":[{"embeddable":true,"href":"https:\/\/www.fuldaernachrichten.de\/index.php?rest_route=\/wp\/v2\/users\/1"}],"replies":[{"embeddable":true,"href":"https:\/\/www.fuldaernachrichten.de\/index.php?rest_route=%2Fwp%2Fv2%2Fcomments&post=160877"}],"version-history":[{"count":1,"href":"https:\/\/www.fuldaernachrichten.de\/index.php?rest_route=\/wp\/v2\/posts\/160877\/revisions"}],"predecessor-version":[{"id":160881,"href":"https:\/\/www.fuldaernachrichten.de\/index.php?rest_route=\/wp\/v2\/posts\/160877\/revisions\/160881"}],"wp:featuredmedia":[{"embeddable":true,"href":"https:\/\/www.fuldaernachrichten.de\/index.php?rest_route=\/wp\/v2\/media\/160880"}],"wp:attachment":[{"href":"https:\/\/www.fuldaernachrichten.de\/index.php?rest_route=%2Fwp%2Fv2%2Fmedia&parent=160877"}],"wp:term":[{"taxonomy":"category","embeddable":true,"href":"https:\/\/www.fuldaernachrichten.de\/index.php?rest_route=%2Fwp%2Fv2%2Fcategories&post=160877"},{"taxonomy":"post_tag","embeddable":true,"href":"https:\/\/www.fuldaernachrichten.de\/index.php?rest_route=%2Fwp%2Fv2%2Ftags&post=160877"}],"curies":[{"name":"wp","href":"https:\/\/api.w.org\/{rel}","templated":true}]}}