{"id":160875,"date":"2017-03-13T05:12:11","date_gmt":"2017-03-13T04:12:11","guid":{"rendered":"http:\/\/www.fuldaer-nachrichten.de\/?p=160875"},"modified":"2017-03-11T09:13:52","modified_gmt":"2017-03-11T08:13:52","slug":"vernissage-mit-musikalischer-untermalung-des-kuenstlers-bernd-baldus-im-altstadthotel%e2%80%a8","status":"publish","type":"post","link":"https:\/\/www.fuldaernachrichten.de\/?p=160875","title":{"rendered":"Vernissage mit musikalischer Untermalung des K\u00fcnstlers Bernd Baldus im Altstadthotel\u00e2\u20ac\u00a8"},"content":{"rendered":"<p>Bernd Baldus interpretiert Lieder aus seiner\u00c2\u00a0 CD \u201eGestern wie heute\u201c, am 12.03.17 ab 15:00 Uhr zur feierlichen Er\u00f6ffnung seiner dortigen Kunstausstellung.\u00e2\u20ac\u00a8Der Blues und die Liebe zum Leben sind nicht nur unausgesprochener Ausdruck seiner musikalischen Leidenschaft sondern auch Hauptbeweggrund seines k\u00fcnstlerischen Schaffens, gelingt es doch in beiden Bereichen den Blick auf die Menschen und Ihre Befindlichkeiten zu lenken und einer Stimmung Ausdruck zu verleihen.\u00e2\u20ac\u00a8Aus diesem Grund verzichtet die Ausstellung \u201eGreatest Hits und Unentdecktes\u201c auch auf Landschaftsinterpretationen sondern legt den Fokus auf Radierungen, Aquarelle und Mischtechniken seiner Individuen in unterschiedlichsten Momentaufnahmen. \u00e2\u20ac\u00a8Den Besucher erwartet neben Klassikern aus seiner Blues-Serie auch ein Wiedersehen mit den Momentaufnahmen von Menschen auf blauem oder schwarzem Hintergrund sowie seiner Blindzeichnungen.\u00e2\u20ac\u00a8Doch nicht nur alte Bekannte werden zu sehen sein. Auch \u00fcberraschende unentdeckte Arbeiten aus seinem Atelier, wie beispielsweise ein Holzschnitt. Weitere nie zuvor ausgestellte sowie aktuell entstandene Werke bilden ein Rundum-Paket aus seinem breitgef\u00e4cherten Repertoire.\u00e2\u20ac\u00a8\u00e2\u20ac\u00a8Die Er\u00f6ffnungsfeier im Altstadthotel Arte beginnt um 15:00 Uhr mit der Begr\u00fc\u00dfung der Kuratorin Dana Kindler und der Laudatio von Elmar Hegmann. Danach wird Bernd Baldus St\u00fccke aus seinem im Jahre 2016 entstandenen Album \u201eGestern wir heute \u2013 Lieder und Lyrik\u201c\u00c2\u00a0 vortragen. Darauf interpretiert er Werke von K\u00e4stner bis Dylan und von Busch bis Degenhardt. Der Eintritt sowie Sektempfang und Fingerfood sind kostenlos. \u00e2\u20ac\u00a8\u00e2\u20ac\u00a8Altstadthotel Arte, Doll 2-4, 36037 Fulda, Telefon: 0661-25029880<\/p>\n","protected":false},"excerpt":{"rendered":"<div class=\"tmnf_excerpt\"><p>Bernd Baldus interpretiert Lieder aus seiner\u00c2\u00a0 CD \u201eGestern wie heute\u201c, am 12.03.17 ab 15:00 Uhr zur feierlichen Er\u00f6ffnung seiner dortigen Kunstausstellung.\u00e2\u20ac\u00a8Der Blues und die Liebe zum Leben sind nicht nur unausgesprochener Ausdruck seiner musikalischen Leidenschaft sondern auch Hauptbeweggrund seines k\u00fcnstlerischen Schaffens, gelingt es doch in beiden Bereichen den Blick auf die Menschen und Ihre Befindlichkeiten &hellip;<\/p>\n<\/div>","protected":false},"author":1,"featured_media":160878,"comment_status":"closed","ping_status":"closed","sticky":false,"template":"","format":"standard","meta":{"footnotes":""},"categories":[1],"tags":[],"class_list":["post-160875","post","type-post","status-publish","format-standard","has-post-thumbnail","hentry","category-startseite"],"_links":{"self":[{"href":"https:\/\/www.fuldaernachrichten.de\/index.php?rest_route=\/wp\/v2\/posts\/160875","targetHints":{"allow":["GET"]}}],"collection":[{"href":"https:\/\/www.fuldaernachrichten.de\/index.php?rest_route=\/wp\/v2\/posts"}],"about":[{"href":"https:\/\/www.fuldaernachrichten.de\/index.php?rest_route=\/wp\/v2\/types\/post"}],"author":[{"embeddable":true,"href":"https:\/\/www.fuldaernachrichten.de\/index.php?rest_route=\/wp\/v2\/users\/1"}],"replies":[{"embeddable":true,"href":"https:\/\/www.fuldaernachrichten.de\/index.php?rest_route=%2Fwp%2Fv2%2Fcomments&post=160875"}],"version-history":[{"count":1,"href":"https:\/\/www.fuldaernachrichten.de\/index.php?rest_route=\/wp\/v2\/posts\/160875\/revisions"}],"predecessor-version":[{"id":160879,"href":"https:\/\/www.fuldaernachrichten.de\/index.php?rest_route=\/wp\/v2\/posts\/160875\/revisions\/160879"}],"wp:featuredmedia":[{"embeddable":true,"href":"https:\/\/www.fuldaernachrichten.de\/index.php?rest_route=\/wp\/v2\/media\/160878"}],"wp:attachment":[{"href":"https:\/\/www.fuldaernachrichten.de\/index.php?rest_route=%2Fwp%2Fv2%2Fmedia&parent=160875"}],"wp:term":[{"taxonomy":"category","embeddable":true,"href":"https:\/\/www.fuldaernachrichten.de\/index.php?rest_route=%2Fwp%2Fv2%2Fcategories&post=160875"},{"taxonomy":"post_tag","embeddable":true,"href":"https:\/\/www.fuldaernachrichten.de\/index.php?rest_route=%2Fwp%2Fv2%2Ftags&post=160875"}],"curies":[{"name":"wp","href":"https:\/\/api.w.org\/{rel}","templated":true}]}}