{"id":160872,"date":"2017-03-13T07:10:40","date_gmt":"2017-03-13T06:10:40","guid":{"rendered":"http:\/\/www.fuldaer-nachrichten.de\/?p=160872"},"modified":"2017-03-11T09:11:17","modified_gmt":"2017-03-11T08:11:17","slug":"italienisch-am-samstag","status":"publish","type":"post","link":"https:\/\/www.fuldaernachrichten.de\/?p=160872","title":{"rendered":"Italienisch am Samstag"},"content":{"rendered":"<p>Die Volkshochschule des Landkreises Fulda bietet einen Italienisch-Kurs f\u00fcr Teilnehmer mit guten Grundkenntnissen an. Der Kurs findet vierzehnt\u00e4gig samstags auch in den Ferien und an den Br\u00fcckentagen statt. Beginn ist am 18. M\u00e4rz um 9.30 Uhr im Georg-Stieler-Haus, Gallasiniring 1. Infos und Anmeldung mit Kursnummer VO4090150 unter www.vhs-fulda.de, telefonisch beim B\u00fcrgerservice (0661)6006-1600 oder am ersten Kurstag.<\/p>\n","protected":false},"excerpt":{"rendered":"<div class=\"tmnf_excerpt\"><p>Die Volkshochschule des Landkreises Fulda bietet einen Italienisch-Kurs f\u00fcr Teilnehmer mit guten Grundkenntnissen an. Der Kurs findet vierzehnt\u00e4gig samstags auch in den Ferien und an den Br\u00fcckentagen statt. Beginn ist am 18. M\u00e4rz um 9.30 Uhr im Georg-Stieler-Haus, Gallasiniring 1. Infos und Anmeldung mit Kursnummer VO4090150 unter www.vhs-fulda.de, telefonisch beim B\u00fcrgerservice (0661)6006-1600 oder am ersten &hellip;<\/p>\n<\/div>","protected":false},"author":1,"featured_media":0,"comment_status":"closed","ping_status":"closed","sticky":false,"template":"","format":"standard","meta":{"footnotes":""},"categories":[1],"tags":[],"class_list":["post-160872","post","type-post","status-publish","format-standard","hentry","category-startseite"],"_links":{"self":[{"href":"https:\/\/www.fuldaernachrichten.de\/index.php?rest_route=\/wp\/v2\/posts\/160872","targetHints":{"allow":["GET"]}}],"collection":[{"href":"https:\/\/www.fuldaernachrichten.de\/index.php?rest_route=\/wp\/v2\/posts"}],"about":[{"href":"https:\/\/www.fuldaernachrichten.de\/index.php?rest_route=\/wp\/v2\/types\/post"}],"author":[{"embeddable":true,"href":"https:\/\/www.fuldaernachrichten.de\/index.php?rest_route=\/wp\/v2\/users\/1"}],"replies":[{"embeddable":true,"href":"https:\/\/www.fuldaernachrichten.de\/index.php?rest_route=%2Fwp%2Fv2%2Fcomments&post=160872"}],"version-history":[{"count":1,"href":"https:\/\/www.fuldaernachrichten.de\/index.php?rest_route=\/wp\/v2\/posts\/160872\/revisions"}],"predecessor-version":[{"id":160874,"href":"https:\/\/www.fuldaernachrichten.de\/index.php?rest_route=\/wp\/v2\/posts\/160872\/revisions\/160874"}],"wp:attachment":[{"href":"https:\/\/www.fuldaernachrichten.de\/index.php?rest_route=%2Fwp%2Fv2%2Fmedia&parent=160872"}],"wp:term":[{"taxonomy":"category","embeddable":true,"href":"https:\/\/www.fuldaernachrichten.de\/index.php?rest_route=%2Fwp%2Fv2%2Fcategories&post=160872"},{"taxonomy":"post_tag","embeddable":true,"href":"https:\/\/www.fuldaernachrichten.de\/index.php?rest_route=%2Fwp%2Fv2%2Ftags&post=160872"}],"curies":[{"name":"wp","href":"https:\/\/api.w.org\/{rel}","templated":true}]}}