{"id":160838,"date":"2017-03-10T09:56:43","date_gmt":"2017-03-10T08:56:43","guid":{"rendered":"http:\/\/www.fuldaer-nachrichten.de\/?p=160838"},"modified":"2017-03-10T09:56:43","modified_gmt":"2017-03-10T08:56:43","slug":"traditionelles-unternehmer-forum-bei-perspektiva-mit-60-gaesten","status":"publish","type":"post","link":"https:\/\/www.fuldaernachrichten.de\/?p=160838","title":{"rendered":"Traditionelles Unternehmer-Forum bei Perspektiva mit 60 G\u00e4sten"},"content":{"rendered":"<p>Erfolgsgeschichten der Jugendlichen, die Vorstellung neuer Gesellschafter sowie der Inklusionspreis f\u00fcr das Fuldaer Unternehmen Bohrma Maschinenbau \u2013 diese Themen standen anl\u00e4sslich des traditionellen Unternehmer-Forums von Perspektiva auf dem Theresienhof im Blickpunkt.\u00c2\u00a0 Neben zahlreichen Mitarbeitern und Jugendlichen konnten rund 60 Unternehmer von Gesch\u00e4ftsf\u00fchrer Michael Becker begr\u00fc\u00dft werden.<\/p>\n<p>Zu Beginn des Nachmittags stellten sich Jugendliche aus der sogenannten \u201ePhase I\u201c, der Einarbeitungszeit auf dem Theresienhof sowie aus \u201ePhase II\u201c, die Erprobung in den Betrieben, vor. Im Gespr\u00e4ch \u00e4u\u00dferten die jungen Menschen Berufsw\u00fcnsche, berichteten von ihrer Entwicklung und Aufgaben im Betrieb. Ebenfalls ein Tagesordnungspunkt, der mittlerweile sch\u00f6ne Tradition geworden ist: die Vorstellung neuer Gesellschafter. Zu Gast war Lars Busse, Centerleiter des Autohauses Kunzmann, der bereits gute Erfahrungen mit der Einstellung junger Menschen von Perspektiva sammeln konnte. Ebenfalls mit von der Partie ist Harley Davidson Fulda \u201eYour Bike House GmbH\u201c mit Gesch\u00e4ftsf\u00fchrerin Regina Kremer. Aktuell, informativ und ansprechend: Vorgestellt wurde die topaktuelle Perspektiva-Website, Details zu Spendenbutton oder den einzelnen Programmen erl\u00e4uterte Webdesigner Sebastian Ruf von public relations sabine ick. Im Fokus stand ebenfalls die Verleihung des deutschen Inklusionspreises an das Unternehmen Bohrma Maschinenbau, hier f\u00fchrte Rainer Sippel ein Interview mit der Unternehmerfamilie Himmelmann. Langanhaltenden Applaus gab es anl\u00e4sslich der offiziellen Verabschiedung des langj\u00e4hrigen Gesch\u00e4ftsf\u00fchrers Michael Becker, der sich f\u00fcr die vertrauensvolle Zusammenarbeit beim Perspektiva-Team, den Unternehmern und Beiratsmitgliedern bedankte.<\/p>\n","protected":false},"excerpt":{"rendered":"<div class=\"tmnf_excerpt\"><p>Erfolgsgeschichten der Jugendlichen, die Vorstellung neuer Gesellschafter sowie der Inklusionspreis f\u00fcr das Fuldaer Unternehmen Bohrma Maschinenbau \u2013 diese Themen standen anl\u00e4sslich des traditionellen Unternehmer-Forums von Perspektiva auf dem Theresienhof im Blickpunkt.\u00c2\u00a0 Neben zahlreichen Mitarbeitern und Jugendlichen konnten rund 60 Unternehmer von Gesch\u00e4ftsf\u00fchrer Michael Becker begr\u00fc\u00dft werden. Zu Beginn des Nachmittags stellten sich Jugendliche aus der &hellip;<\/p>\n<\/div>","protected":false},"author":1,"featured_media":160842,"comment_status":"closed","ping_status":"closed","sticky":false,"template":"","format":"gallery","meta":{"footnotes":""},"categories":[1],"tags":[],"class_list":["post-160838","post","type-post","status-publish","format-gallery","has-post-thumbnail","hentry","category-startseite","post_format-post-format-gallery"],"_links":{"self":[{"href":"https:\/\/www.fuldaernachrichten.de\/index.php?rest_route=\/wp\/v2\/posts\/160838","targetHints":{"allow":["GET"]}}],"collection":[{"href":"https:\/\/www.fuldaernachrichten.de\/index.php?rest_route=\/wp\/v2\/posts"}],"about":[{"href":"https:\/\/www.fuldaernachrichten.de\/index.php?rest_route=\/wp\/v2\/types\/post"}],"author":[{"embeddable":true,"href":"https:\/\/www.fuldaernachrichten.de\/index.php?rest_route=\/wp\/v2\/users\/1"}],"replies":[{"embeddable":true,"href":"https:\/\/www.fuldaernachrichten.de\/index.php?rest_route=%2Fwp%2Fv2%2Fcomments&post=160838"}],"version-history":[{"count":1,"href":"https:\/\/www.fuldaernachrichten.de\/index.php?rest_route=\/wp\/v2\/posts\/160838\/revisions"}],"predecessor-version":[{"id":160849,"href":"https:\/\/www.fuldaernachrichten.de\/index.php?rest_route=\/wp\/v2\/posts\/160838\/revisions\/160849"}],"wp:featuredmedia":[{"embeddable":true,"href":"https:\/\/www.fuldaernachrichten.de\/index.php?rest_route=\/wp\/v2\/media\/160842"}],"wp:attachment":[{"href":"https:\/\/www.fuldaernachrichten.de\/index.php?rest_route=%2Fwp%2Fv2%2Fmedia&parent=160838"}],"wp:term":[{"taxonomy":"category","embeddable":true,"href":"https:\/\/www.fuldaernachrichten.de\/index.php?rest_route=%2Fwp%2Fv2%2Fcategories&post=160838"},{"taxonomy":"post_tag","embeddable":true,"href":"https:\/\/www.fuldaernachrichten.de\/index.php?rest_route=%2Fwp%2Fv2%2Ftags&post=160838"}],"curies":[{"name":"wp","href":"https:\/\/api.w.org\/{rel}","templated":true}]}}