{"id":160836,"date":"2017-03-10T09:42:21","date_gmt":"2017-03-10T08:42:21","guid":{"rendered":"http:\/\/www.fuldaer-nachrichten.de\/?p=160836"},"modified":"2017-03-10T09:42:21","modified_gmt":"2017-03-10T08:42:21","slug":"kreativkurse-fuer-erwachsene-in-der-muetze","status":"publish","type":"post","link":"https:\/\/www.fuldaernachrichten.de\/?p=160836","title":{"rendered":"Kreativkurse  f\u00fcr Erwachsene in \u201eDer M\u00dcTZE\u201c"},"content":{"rendered":"<p>Das M\u00fctterzentrum \u201eDie M\u00dcTZE\u201c, Gallasiniring 8, in Fulda bietet am Samstag, 25.03.17 in der Zeit von 10.00 \u2013 13.00 Uhr der Kreativkurs \u201eMotive mit Struktur auf Leinwand\u201c statt. Die Kursteilnehmer legen zuerst einen Hintergrund mit Ihrer Lieblingsfarbe an, anschlie\u00dfend wird darauf mit Strukturmasse und verschiedenen Techniken das Motiv gestaltet. Das k\u00f6nnen Bl\u00fcten oder abstrakte Motive sein. Das komplette Material wird im Kurs gestellt.<\/p>\n<p>Ein Kurs \u201eFr\u00fchlingsfeen und Engel\u201c findet am Donnerstag, 30.03.17 in der Zeit von 15.15 \u2013 17.30 Uhr statt. W\u00e4hrenddessen wird Kinderbetreuung angeboten. Aus bunter Wolle, Geschick und Fantasie werden Feen, Engel oder andere luftige Wesen gewickelt.<\/p>\n<p>Zu beiden Angeboten ist eine Anmeldung jeweils eine Woche vorher erforderlich. N\u00e4here Informationen bzw. Anmeldung unter Tel. 0661\/8050, Mo. \u2013 Fr. in der Zeit von 9.00 \u2013 13.00 Uhr.<\/p>\n","protected":false},"excerpt":{"rendered":"<div class=\"tmnf_excerpt\"><p>Das M\u00fctterzentrum \u201eDie M\u00dcTZE\u201c, Gallasiniring 8, in Fulda bietet am Samstag, 25.03.17 in der Zeit von 10.00 \u2013 13.00 Uhr der Kreativkurs \u201eMotive mit Struktur auf Leinwand\u201c statt. Die Kursteilnehmer legen zuerst einen Hintergrund mit Ihrer Lieblingsfarbe an, anschlie\u00dfend wird darauf mit Strukturmasse und verschiedenen Techniken das Motiv gestaltet. Das k\u00f6nnen Bl\u00fcten oder abstrakte Motive &hellip;<\/p>\n<\/div>","protected":false},"author":1,"featured_media":0,"comment_status":"closed","ping_status":"closed","sticky":false,"template":"","format":"standard","meta":{"footnotes":""},"categories":[1],"tags":[],"class_list":["post-160836","post","type-post","status-publish","format-standard","hentry","category-startseite"],"_links":{"self":[{"href":"https:\/\/www.fuldaernachrichten.de\/index.php?rest_route=\/wp\/v2\/posts\/160836","targetHints":{"allow":["GET"]}}],"collection":[{"href":"https:\/\/www.fuldaernachrichten.de\/index.php?rest_route=\/wp\/v2\/posts"}],"about":[{"href":"https:\/\/www.fuldaernachrichten.de\/index.php?rest_route=\/wp\/v2\/types\/post"}],"author":[{"embeddable":true,"href":"https:\/\/www.fuldaernachrichten.de\/index.php?rest_route=\/wp\/v2\/users\/1"}],"replies":[{"embeddable":true,"href":"https:\/\/www.fuldaernachrichten.de\/index.php?rest_route=%2Fwp%2Fv2%2Fcomments&post=160836"}],"version-history":[{"count":1,"href":"https:\/\/www.fuldaernachrichten.de\/index.php?rest_route=\/wp\/v2\/posts\/160836\/revisions"}],"predecessor-version":[{"id":160837,"href":"https:\/\/www.fuldaernachrichten.de\/index.php?rest_route=\/wp\/v2\/posts\/160836\/revisions\/160837"}],"wp:attachment":[{"href":"https:\/\/www.fuldaernachrichten.de\/index.php?rest_route=%2Fwp%2Fv2%2Fmedia&parent=160836"}],"wp:term":[{"taxonomy":"category","embeddable":true,"href":"https:\/\/www.fuldaernachrichten.de\/index.php?rest_route=%2Fwp%2Fv2%2Fcategories&post=160836"},{"taxonomy":"post_tag","embeddable":true,"href":"https:\/\/www.fuldaernachrichten.de\/index.php?rest_route=%2Fwp%2Fv2%2Ftags&post=160836"}],"curies":[{"name":"wp","href":"https:\/\/api.w.org\/{rel}","templated":true}]}}