{"id":160833,"date":"2017-03-10T09:41:25","date_gmt":"2017-03-10T08:41:25","guid":{"rendered":"http:\/\/www.fuldaer-nachrichten.de\/?p=160833"},"modified":"2017-03-10T09:41:25","modified_gmt":"2017-03-10T08:41:25","slug":"bistum-fulda-leistet-30-000-euro-soforthilfe-fuer-ostafrika","status":"publish","type":"post","link":"https:\/\/www.fuldaernachrichten.de\/?p=160833","title":{"rendered":"Bistum Fulda leistet 30.000 Euro Soforthilfe f\u00fcr Ostafrika"},"content":{"rendered":"<p>Das Bistum Fulda hat aus seinem Katastrophenfonds 30.000 Euro als Soforthilfe zur Finanzierung von Hilfsma\u00dfnahmen in der humanit\u00e4ren Trag\u00f6die im Ostafrika zur Verf\u00fcgung gestellt. Der Betrag wurde an die Caritas in Freiburg \u00fcberwiesen. Mit der Geldhilfe soll ein Zeichen der Solidarit\u00e4t mit den wegen einer gro\u00dfen D\u00fcrre und Hungersnot leidenden Menschen in dieser Region gesetzt und konkrete Hilfe geleistet werden. Allein in Kenia und dem S\u00fcdsudan haben nach Zahlen der Vereinten Nationen sieben Millionen Menschen nicht ausreichend zu essen. Hunderttausende im Osten des afrikanischen Kontinents sind vom Hungertod bedroht. Kinder und alte Menschen leiden besonders unter der Nahrungsmittelknappheit, und auch Wasser ist zu einem wahren Luxusgut geworden. Caritas international arbeitet schon seit vielen Jahren mit seinen Partnern in der Region zusammen. Gemeinsam wird versucht, die Menschen in der Region dabei zu unterst\u00fctzen, sich auf die langen Trockenperioden vorzubereiten.<\/p>\n","protected":false},"excerpt":{"rendered":"<div class=\"tmnf_excerpt\"><p>Das Bistum Fulda hat aus seinem Katastrophenfonds 30.000 Euro als Soforthilfe zur Finanzierung von Hilfsma\u00dfnahmen in der humanit\u00e4ren Trag\u00f6die im Ostafrika zur Verf\u00fcgung gestellt. Der Betrag wurde an die Caritas in Freiburg \u00fcberwiesen. Mit der Geldhilfe soll ein Zeichen der Solidarit\u00e4t mit den wegen einer gro\u00dfen D\u00fcrre und Hungersnot leidenden Menschen in dieser Region gesetzt &hellip;<\/p>\n<\/div>","protected":false},"author":1,"featured_media":0,"comment_status":"closed","ping_status":"closed","sticky":false,"template":"","format":"standard","meta":{"footnotes":""},"categories":[1],"tags":[],"class_list":["post-160833","post","type-post","status-publish","format-standard","hentry","category-startseite"],"_links":{"self":[{"href":"https:\/\/www.fuldaernachrichten.de\/index.php?rest_route=\/wp\/v2\/posts\/160833","targetHints":{"allow":["GET"]}}],"collection":[{"href":"https:\/\/www.fuldaernachrichten.de\/index.php?rest_route=\/wp\/v2\/posts"}],"about":[{"href":"https:\/\/www.fuldaernachrichten.de\/index.php?rest_route=\/wp\/v2\/types\/post"}],"author":[{"embeddable":true,"href":"https:\/\/www.fuldaernachrichten.de\/index.php?rest_route=\/wp\/v2\/users\/1"}],"replies":[{"embeddable":true,"href":"https:\/\/www.fuldaernachrichten.de\/index.php?rest_route=%2Fwp%2Fv2%2Fcomments&post=160833"}],"version-history":[{"count":1,"href":"https:\/\/www.fuldaernachrichten.de\/index.php?rest_route=\/wp\/v2\/posts\/160833\/revisions"}],"predecessor-version":[{"id":160835,"href":"https:\/\/www.fuldaernachrichten.de\/index.php?rest_route=\/wp\/v2\/posts\/160833\/revisions\/160835"}],"wp:attachment":[{"href":"https:\/\/www.fuldaernachrichten.de\/index.php?rest_route=%2Fwp%2Fv2%2Fmedia&parent=160833"}],"wp:term":[{"taxonomy":"category","embeddable":true,"href":"https:\/\/www.fuldaernachrichten.de\/index.php?rest_route=%2Fwp%2Fv2%2Fcategories&post=160833"},{"taxonomy":"post_tag","embeddable":true,"href":"https:\/\/www.fuldaernachrichten.de\/index.php?rest_route=%2Fwp%2Fv2%2Ftags&post=160833"}],"curies":[{"name":"wp","href":"https:\/\/api.w.org\/{rel}","templated":true}]}}