{"id":160817,"date":"2017-03-10T09:37:28","date_gmt":"2017-03-10T08:37:28","guid":{"rendered":"http:\/\/www.fuldaer-nachrichten.de\/?p=160817"},"modified":"2017-03-10T09:38:27","modified_gmt":"2017-03-10T08:38:27","slug":"kinderkino-mehr-wieder-auf-tournee-16","status":"publish","type":"post","link":"https:\/\/www.fuldaernachrichten.de\/?p=160817","title":{"rendered":"\u201eKinderKino + mehr\u201c wieder auf Tournee"},"content":{"rendered":"<p>Das medienp\u00e4dagogische Angebot \u201eKinderKino + mehr\u201c des Jugendbildungswerkes der Stadt Fulda geht ab Montag 13. M\u00e4rz wieder auf Tour durch ausgew\u00e4hlte Stadtgebiete und Stadtteile. In diesem Monat steht ein m\u00e4rchenhafter Film ab 6 Jahren auf dem Programm, in welchem es um Mut, M\u00e4rchen und Verm\u00e4chtnis geht.<\/p>\n<p>Der sechsj\u00e4hrige Leon, seine zehnj\u00e4hrige Schwester Alina und seine Eltern verbringen den Sommer im Haus von Leons Gro\u00dfmutter, da diese verstorben ist. Sie vererbt Leon den Inhalt des \u201egeheimen Zimmers\u201c, welches nie jemand betreten durfte. Leon ist entt\u00e4uscht, da sich in dem Zimmer nur B\u00fccher verbergen und er nicht einmal richtig lesen kann. Es dauert nicht lange und Leon erkennt den wahren und magischen Wert der B\u00fccher, denn die M\u00e4rchenfiguren in den B\u00fcchern sind lebendig. Die Erkenntnis kommt leider zu sp\u00e4t, denn er hat bereits zugestimmt, dass alle B\u00fccher verkauft werden d\u00fcrfen, um von dem Geld das Haus zu renovieren. Wird es Leon gelingen das wertvolle Verm\u00e4chtnis seiner Gro\u00dfmutter zu retten?<\/p>\n<p>Nach der Vorf\u00fchrung gibt es angeleitete Aktivit\u00e4ten rund um den Film. Die Kinder k\u00f6nnen bei Bastel- und Spielaktionen selbst aktiv und kreativ werden, um sich auf ihre Weise mit dem Gesehenen auseinander zu setzen. Eltern m\u00fcssen beim KinderKino drau\u00dfen bleiben.<\/p>\n<p>Das mobile Kinderkino ist zu Gast:<\/p>\n<ul>\n<li>Montag, 13.03. 2017: Astrid-Lindgren-Schule Fulda Galerie<\/li>\n<li>Dienstag, 14.03. 2017: Grundschule Haimbach<\/li>\n<li>Mittwoch, 15.03.2017: B\u00fcrgerhaus Edelzell<\/li>\n<li>Donnerstag, 16.03.2017: AWO Familientreff<\/li>\n<li>Freitag, 17.03.2017: Kirchengemeinde St. Joseph Nordend<\/li>\n<li>Montag, 20.03.2017: Katharinenschule Gl\u00e4serzell<\/li>\n<li>Dienstag, 21.03.2017: Festscheune Antoniusheim<\/li>\n<li>Mittwoch, 22.03.2017: B\u00fcrgerhaus Johannesberg<\/li>\n<\/ul>\n<p>Veranstaltungszeitraum ist jeweils von 15 bis 18 Uhr, der Einlass (Teilnahmebeitrag 1,50 Euro) beginnt um 14:45 Uhr. Genauere Informationen erteilt Ingmar S\u00fc\u00df unter Tel. (0661) 102-1980.<\/p>\n<p>In Kooperation mit dem Offenen Kanal Fulda und der Hochschule Fulda.<\/p>\n","protected":false},"excerpt":{"rendered":"<div class=\"tmnf_excerpt\"><p>Das medienp\u00e4dagogische Angebot \u201eKinderKino + mehr\u201c des Jugendbildungswerkes der Stadt Fulda geht ab Montag 13. M\u00e4rz wieder auf Tour durch ausgew\u00e4hlte Stadtgebiete und Stadtteile. In diesem Monat steht ein m\u00e4rchenhafter Film ab 6 Jahren auf dem Programm, in welchem es um Mut, M\u00e4rchen und Verm\u00e4chtnis geht. Der sechsj\u00e4hrige Leon, seine zehnj\u00e4hrige Schwester Alina und seine &hellip;<\/p>\n<\/div>","protected":false},"author":1,"featured_media":0,"comment_status":"closed","ping_status":"closed","sticky":false,"template":"","format":"standard","meta":{"footnotes":""},"categories":[1],"tags":[],"class_list":["post-160817","post","type-post","status-publish","format-standard","hentry","category-startseite"],"_links":{"self":[{"href":"https:\/\/www.fuldaernachrichten.de\/index.php?rest_route=\/wp\/v2\/posts\/160817","targetHints":{"allow":["GET"]}}],"collection":[{"href":"https:\/\/www.fuldaernachrichten.de\/index.php?rest_route=\/wp\/v2\/posts"}],"about":[{"href":"https:\/\/www.fuldaernachrichten.de\/index.php?rest_route=\/wp\/v2\/types\/post"}],"author":[{"embeddable":true,"href":"https:\/\/www.fuldaernachrichten.de\/index.php?rest_route=\/wp\/v2\/users\/1"}],"replies":[{"embeddable":true,"href":"https:\/\/www.fuldaernachrichten.de\/index.php?rest_route=%2Fwp%2Fv2%2Fcomments&post=160817"}],"version-history":[{"count":2,"href":"https:\/\/www.fuldaernachrichten.de\/index.php?rest_route=\/wp\/v2\/posts\/160817\/revisions"}],"predecessor-version":[{"id":160825,"href":"https:\/\/www.fuldaernachrichten.de\/index.php?rest_route=\/wp\/v2\/posts\/160817\/revisions\/160825"}],"wp:attachment":[{"href":"https:\/\/www.fuldaernachrichten.de\/index.php?rest_route=%2Fwp%2Fv2%2Fmedia&parent=160817"}],"wp:term":[{"taxonomy":"category","embeddable":true,"href":"https:\/\/www.fuldaernachrichten.de\/index.php?rest_route=%2Fwp%2Fv2%2Fcategories&post=160817"},{"taxonomy":"post_tag","embeddable":true,"href":"https:\/\/www.fuldaernachrichten.de\/index.php?rest_route=%2Fwp%2Fv2%2Ftags&post=160817"}],"curies":[{"name":"wp","href":"https:\/\/api.w.org\/{rel}","templated":true}]}}