{"id":160814,"date":"2017-03-10T09:35:37","date_gmt":"2017-03-10T08:35:37","guid":{"rendered":"http:\/\/www.fuldaer-nachrichten.de\/?p=160814"},"modified":"2017-03-10T09:35:37","modified_gmt":"2017-03-10T08:35:37","slug":"umstellung-auf-oekologischen-landbau","status":"publish","type":"post","link":"https:\/\/www.fuldaernachrichten.de\/?p=160814","title":{"rendered":"Umstellung auf \u00f6kologischen Landbau"},"content":{"rendered":"<p>Die \u00d6komodellregion Landkreis Fulda bietet in Kooperation mit der Vereinigung \u00d6kologischer Landbau in Hessen (V\u00d6L) und im Rahmen der Aktionsgemeinschaft ECHT HESSISCH f\u00fcr interessierte Landwirte und B\u00e4cker eine Veranstaltung zur Umstellung auf den \u00f6kologischen Landbau an. Das Regionalforum \u201eUmstellen auf BIO-Getreide \u2013 anbauen-mahlen-backen\u201c legt zum einen den Schwerpunkt auf den Bio-Ackerbau und zum anderen auf die regionale Wertsch\u00f6pfungskette des Getreides.<\/p>\n<p>Nur wenige Agrarregionen und Betriebe Hessens\u00c2\u00a0 k\u00f6nnen dem globalen Wettbewerb standhalten. Alle anderen sind herausgefordert, neue und regionale Wege zu gehen. Dabei treffen sie auf immer mehr Verbraucher, die genau das m\u00f6chten: authentische, regionale und zugleich \u00f6kologisch erzeugte Produkte. Die Umstellung auf den \u00f6kologischen Landbau kann eine echte Alternative sein und ist ein gro\u00dfer Schritt f\u00fcr die Menschen und den landwirtschaftlichen Betrieb. Im Vorfeld treten daher viele Fragen auf: Lohnt das Umstellen wirklich? Kann ich auch auf schwierigen Standorten Backgetreide anbauen? Lohnt es sich f\u00fcr eine M\u00fchle, zus\u00e4tzlich eine Bio-Schiene zu fahren und kriege ich als B\u00e4ckerei die notwendigen Qualit\u00e4ten auch aus der Region?<\/p>\n<p>Antworten auf diese und weitere Fragen erhalten interessierte Landwirte und B\u00e4cker auf dem Regionalforum \u201eUmstellen auf BIO-Getreide \u2013 anbauen-mahlen-backen\u201c am Dienstag, 14. M\u00e4rz, ab 14 Uhr in der Stadthalle Kolpinghaus in H\u00fcnfeld. Nach der Begr\u00fc\u00dfung werden die Grundlagen des \u00f6kologischen Landbaus und eine m\u00f6gliche Wertsch\u00f6pfungskette des Getreides mit folgenden Themen vorgestellt:<\/p>\n<ul>\n<li>Gute Fruchtfolge im \u00d6ko-Ackerbau: Thomas Schindler vom Landesbetrieb Landwirtschaft Hessen informiert \u00fcber erfolgreichen Ackerbau durch geplante Fruchtfolgen im \u00d6kolandbau<\/li>\n<li>Ralf Zinn von der Ulster-M\u00fchle in Tann beschreibt den Weg der Getreideanlieferung bis zum Mehlabtransport in seiner M\u00fchle<\/li>\n<li>Backen mit Getreide aus der Region: Auf- und Ausbau der Bio-Gutsb\u00e4ckerei Kragenhof<\/li>\n<li>Abschlussrunde: Referenten und die \u00d6komodellregion Landkreis Fulda stellen sich den offenen Fragen<\/li>\n<\/ul>\n<p>Anmeldungen zur Veranstaltung werden bis zum 11. M\u00e4rz erbeten per Fax (0561)288-8952 oder per Email Vereinigung \u00d6kologischer Landbau in Hessen (V\u00d6L), Andrea Fink-Ke\u00dfler afk@voel-hessen.de<\/p>\n","protected":false},"excerpt":{"rendered":"<div class=\"tmnf_excerpt\"><p>Die \u00d6komodellregion Landkreis Fulda bietet in Kooperation mit der Vereinigung \u00d6kologischer Landbau in Hessen (V\u00d6L) und im Rahmen der Aktionsgemeinschaft ECHT HESSISCH f\u00fcr interessierte Landwirte und B\u00e4cker eine Veranstaltung zur Umstellung auf den \u00f6kologischen Landbau an. Das Regionalforum \u201eUmstellen auf BIO-Getreide \u2013 anbauen-mahlen-backen\u201c legt zum einen den Schwerpunkt auf den Bio-Ackerbau und zum anderen auf &hellip;<\/p>\n<\/div>","protected":false},"author":1,"featured_media":0,"comment_status":"closed","ping_status":"closed","sticky":false,"template":"","format":"standard","meta":{"footnotes":""},"categories":[1],"tags":[],"class_list":["post-160814","post","type-post","status-publish","format-standard","hentry","category-startseite"],"_links":{"self":[{"href":"https:\/\/www.fuldaernachrichten.de\/index.php?rest_route=\/wp\/v2\/posts\/160814","targetHints":{"allow":["GET"]}}],"collection":[{"href":"https:\/\/www.fuldaernachrichten.de\/index.php?rest_route=\/wp\/v2\/posts"}],"about":[{"href":"https:\/\/www.fuldaernachrichten.de\/index.php?rest_route=\/wp\/v2\/types\/post"}],"author":[{"embeddable":true,"href":"https:\/\/www.fuldaernachrichten.de\/index.php?rest_route=\/wp\/v2\/users\/1"}],"replies":[{"embeddable":true,"href":"https:\/\/www.fuldaernachrichten.de\/index.php?rest_route=%2Fwp%2Fv2%2Fcomments&post=160814"}],"version-history":[{"count":1,"href":"https:\/\/www.fuldaernachrichten.de\/index.php?rest_route=\/wp\/v2\/posts\/160814\/revisions"}],"predecessor-version":[{"id":160816,"href":"https:\/\/www.fuldaernachrichten.de\/index.php?rest_route=\/wp\/v2\/posts\/160814\/revisions\/160816"}],"wp:attachment":[{"href":"https:\/\/www.fuldaernachrichten.de\/index.php?rest_route=%2Fwp%2Fv2%2Fmedia&parent=160814"}],"wp:term":[{"taxonomy":"category","embeddable":true,"href":"https:\/\/www.fuldaernachrichten.de\/index.php?rest_route=%2Fwp%2Fv2%2Fcategories&post=160814"},{"taxonomy":"post_tag","embeddable":true,"href":"https:\/\/www.fuldaernachrichten.de\/index.php?rest_route=%2Fwp%2Fv2%2Ftags&post=160814"}],"curies":[{"name":"wp","href":"https:\/\/api.w.org\/{rel}","templated":true}]}}