{"id":160798,"date":"2017-03-10T09:31:40","date_gmt":"2017-03-10T08:31:40","guid":{"rendered":"http:\/\/www.fuldaer-nachrichten.de\/?p=160798"},"modified":"2017-03-10T09:31:40","modified_gmt":"2017-03-10T08:31:40","slug":"kkv-erinnert-an-den-besonderen-stellenwert-von-ehe-und-familie-diskriminierungsvermeidung-heisst-nicht-foerderung-durch-privilegierung","status":"publish","type":"post","link":"https:\/\/www.fuldaernachrichten.de\/?p=160798","title":{"rendered":"KKV erinnert an den besonderen Stellenwert von Ehe und Familie &#8211; &#8220;Diskriminierungsvermeidung hei\u00dft nicht F\u00f6rderung durch Privilegierung&#8221;"},"content":{"rendered":"<p>\u201eWie man auf die Idee kommen kann, den Begriff der Ehe auch auf andere Formen menschlicher Gemeinschaften oder Partnerschaften zu \u00fcbertragen, bleibt wohl das Geheimnis ihrer Erfinder. Letztlich tr\u00e4gt man mit dieser Forderung dazu bei, dass der besondere Schutz von Ehe und Familie, wie er im Artikel 6 unserer Verfassung grundgelegt ist, immer mehr ausgeh\u00f6hlt wird.\u201c Mit diesen Worten pl\u00e4diert der geb\u00fcrtige Fuldaer Bundesvorsitzende des KKV, Verband der Katholiken in Wirtschaft und Verwaltung, Bernd-M. Wehner, erneut f\u00fcr den besonderen Stellenwert von Ehe und Familie. Er unterst\u00fctzt damit gleichzeitig die ablehnende Haltung der deutschen Bisch\u00f6fe gegen Pl\u00e4ne der SPD f\u00fcr eine \u201eEhe f\u00fcr alle\u201c.<\/p>\n<p>Schlie\u00dflich seien Ehe und Familie keine Erfindung des Staates, die er somit nach Belieben ver\u00e4ndern k\u00f6nne. Deshalb stehe auch dem Staat nicht die Kompetenz zu, andere Partnerschaften quasi zur Ehe zu erkl\u00e4ren. Dies sei auch keine spezifisch katholische Sicht der Ehe da auch die katholische Kirche ihre moralischen und sozialethischen Lehren traditionell nicht nur aus der Sicht des Evangeliums sehe, sondern immer auch mit Blick auf die Sch\u00f6pfungsordnung, also die der Natur zugrundeliegenden Sinnzusammenh\u00e4nge, betont Wehner. So geh\u00f6re die Ehe von Mann und Frau zu den Wirklichkeiten, von denen der ehemalige Bundesverfassungsrichter Ernst Wolfgang B\u00f6ckenf\u00f6rde gesagt habe, dass der s\u00e4kularisierte Staat \u201evon Voraussetzungen lebt, die er selbst nicht garantieren kann\u201c, die ihm also vorgegeben sind.<\/p>\n<p>Im \u00dcbrigen sei es auch erstaunlich, dass noch vor etwa zehn Jahren insbesondere von einem Gro\u00dfteil derer, die heute die \u201eEhe f\u00fcr alle\u201c fordern, gesagt wurde, die Ehe sei ein Ausdruck der patriarchalischen Machtstrukturen, die es zu bek\u00e4mpfen gelte. \u201eVon daher ist es schon eigenartig, dass auf einmal diese Lebensform f\u00fcr alle m\u00f6glichen Arten des Zusammenlebens gefordert wird.\u201c Sp\u00e4testens hier sollte man hellh\u00f6rig werden und merken, dass es im Kern offenbar nicht um Gleichstellung geht, sondern letztlich um die Abschaffung der Ehe.<\/p>\n<p>Nat\u00fcrlich nehme auch der KKV zur Kenntnis, dass die Ver\u00e4nderungen in unserer Gesellschaft und der Wertewandel neue und alternative Lebensformen hervorgebracht h\u00e4tten, unterstreicht der KKV-Bundesvorsitzende. Insofern respektiere er auch das Recht eines jeden B\u00fcrgers, diese frei zu w\u00e4hlen. Das gelte selbstverst\u00e4ndlich auch f\u00fcr gleichgeschlechtliche Partnerschaften, die &#8211; wie andere gesellschaftliche Minderheiten &#8211; vor Diskriminierung und Ausgrenzung gesch\u00fctzt werden m\u00fcssten. Er wehre sich aber dagegen, dass solche Gemeinschaften immer mehr mit der Ehe gleichgesetzt w\u00fcrden bzw. das besondere Schutzversprechen f\u00fcr Ehe und Familie als Diskriminierung gleichgeschlechtlicher Lebensgemeinschaften diskreditiert w\u00fcrden. &#8220;Diskriminierungsvermeidung hei\u00dft aber nicht F\u00f6rderung durch Privilegierung&#8221;, so Wehner w\u00f6rtlich.<\/p>\n<p>Der katholische Sozialverband ruft daher alle B\u00fcrgerinnen und B\u00fcrger und besonders die Politiker auf, schon aus Gr\u00fcnden des Gemeinwohls und der Gerechtigkeit am besonderen Schutz von Ehe und Familie, wie ihn die Verfassung bekr\u00e4ftigt, unbedingt festzuhalten.<\/p>\n<p>Der Bundesverband der Katholiken in Wirtschaft und Verwaltung e.V. ist ein katholischer Sozialverband mit rund 70 Ortsgemeinschaften in ganz Deutschland. Informationen zum KKV erhalten Sie im Internet unter www.kkv-bund.de, oder unter 0201 87923-0.<\/p>\n","protected":false},"excerpt":{"rendered":"<div class=\"tmnf_excerpt\"><p>\u201eWie man auf die Idee kommen kann, den Begriff der Ehe auch auf andere Formen menschlicher Gemeinschaften oder Partnerschaften zu \u00fcbertragen, bleibt wohl das Geheimnis ihrer Erfinder. Letztlich tr\u00e4gt man mit dieser Forderung dazu bei, dass der besondere Schutz von Ehe und Familie, wie er im Artikel 6 unserer Verfassung grundgelegt ist, immer mehr ausgeh\u00f6hlt &hellip;<\/p>\n<\/div>","protected":false},"author":1,"featured_media":0,"comment_status":"closed","ping_status":"closed","sticky":false,"template":"","format":"standard","meta":{"footnotes":""},"categories":[1],"tags":[],"class_list":["post-160798","post","type-post","status-publish","format-standard","hentry","category-startseite"],"_links":{"self":[{"href":"https:\/\/www.fuldaernachrichten.de\/index.php?rest_route=\/wp\/v2\/posts\/160798","targetHints":{"allow":["GET"]}}],"collection":[{"href":"https:\/\/www.fuldaernachrichten.de\/index.php?rest_route=\/wp\/v2\/posts"}],"about":[{"href":"https:\/\/www.fuldaernachrichten.de\/index.php?rest_route=\/wp\/v2\/types\/post"}],"author":[{"embeddable":true,"href":"https:\/\/www.fuldaernachrichten.de\/index.php?rest_route=\/wp\/v2\/users\/1"}],"replies":[{"embeddable":true,"href":"https:\/\/www.fuldaernachrichten.de\/index.php?rest_route=%2Fwp%2Fv2%2Fcomments&post=160798"}],"version-history":[{"count":1,"href":"https:\/\/www.fuldaernachrichten.de\/index.php?rest_route=\/wp\/v2\/posts\/160798\/revisions"}],"predecessor-version":[{"id":160804,"href":"https:\/\/www.fuldaernachrichten.de\/index.php?rest_route=\/wp\/v2\/posts\/160798\/revisions\/160804"}],"wp:attachment":[{"href":"https:\/\/www.fuldaernachrichten.de\/index.php?rest_route=%2Fwp%2Fv2%2Fmedia&parent=160798"}],"wp:term":[{"taxonomy":"category","embeddable":true,"href":"https:\/\/www.fuldaernachrichten.de\/index.php?rest_route=%2Fwp%2Fv2%2Fcategories&post=160798"},{"taxonomy":"post_tag","embeddable":true,"href":"https:\/\/www.fuldaernachrichten.de\/index.php?rest_route=%2Fwp%2Fv2%2Ftags&post=160798"}],"curies":[{"name":"wp","href":"https:\/\/api.w.org\/{rel}","templated":true}]}}